{"id":63,"date":"2022-08-08T10:54:33","date_gmt":"2022-08-08T08:54:33","guid":{"rendered":"http:\/\/localhost\/wp\/?page_id=63"},"modified":"2023-12-19T15:48:07","modified_gmt":"2023-12-19T14:48:07","slug":"brand-in-muenichreith-1772","status":"publish","type":"post","link":"https:\/\/stammbaum.payreder.com\/forscherblog\/brand-in-muenichreith-1772\/","title":{"rendered":"Brand des Pfarrhofs M\u00fcnichreith am 29. Juni 1772"},"content":{"rendered":"\n<figure class=\"wp-block-image size-full is-resized is-style-default\"><img loading=\"lazy\" decoding=\"async\" src=\"https:\/\/stammbaum.payreder.com\/forscherblog\/wp-content\/uploads\/2022\/08\/muenichreith-1.png\" alt=\"\" class=\"wp-image-141\" width=\"654\" height=\"521\" srcset=\"https:\/\/stammbaum.payreder.com\/forscherblog\/wp-content\/uploads\/2022\/08\/muenichreith-1.png 437w, https:\/\/stammbaum.payreder.com\/forscherblog\/wp-content\/uploads\/2022\/08\/muenichreith-1-300x239.png 300w\" sizes=\"auto, (max-width: 654px) 100vw, 654px\" \/><\/figure>\n\n\n\n<p class=\"has-drop-cap\">Ein Brand des Pfarrhofs M\u00fcnichreith ersch\u00fcttert 1772 die Bev\u00f6lkerung. Die am 6. Mai 1772 geborene Magdalena Fasching (<a data-type=\"URL\" data-id=\"https:\/\/data.matricula-online.eu\/de\/oesterreich\/st-poelten\/muenichreith-ostrong\/01%252F01\/?pg=354\" href=\"https:\/\/data.matricula-online.eu\/de\/oesterreich\/st-poelten\/muenichreith-ostrong\/01%252F01\/?pg=354\" target=\"_blank\" rel=\"noreferrer noopener\">Taufbuch M\u00fcnichreith TOM 01\/01 fol. 320<\/a>) wird am 29 Juni 1772 um 6 Uhr abends in Kehrbach 5 von ihrer Mutter gerade sitzend beim Tisch ges\u00e4ugt der in unmittelbarer N\u00e4he eines Fensters steht als <\/p>\n\n\n\n<blockquote class=\"wp-block-quote is-layout-flow wp-block-quote-is-layout-flow\"><p>&#8222;der Blitz mitten in die Pfarrhof Scheune einschlug und z\u00fcndete. Hierdurch aufgeschreckt blickte sie zum Fenster und sah bereits auch schon die Feuerflammen lodern&#8220;<\/p><cite>Sterbebuch M\u00fcnichreith TOM 03\/04 fol. 31<\/cite><\/blockquote>\n\n\n\n<figure class=\"wp-block-image size-large\"><img loading=\"lazy\" decoding=\"async\" width=\"1024\" height=\"415\" src=\"https:\/\/stammbaum.payreder.com\/forscherblog\/wp-content\/uploads\/2022\/08\/grafik-8-1024x415.png\" alt=\"\" class=\"wp-image-133\" srcset=\"https:\/\/stammbaum.payreder.com\/forscherblog\/wp-content\/uploads\/2022\/08\/grafik-8-1024x415.png 1024w, https:\/\/stammbaum.payreder.com\/forscherblog\/wp-content\/uploads\/2022\/08\/grafik-8-300x122.png 300w, https:\/\/stammbaum.payreder.com\/forscherblog\/wp-content\/uploads\/2022\/08\/grafik-8-768x311.png 768w, https:\/\/stammbaum.payreder.com\/forscherblog\/wp-content\/uploads\/2022\/08\/grafik-8.png 1429w\" sizes=\"auto, (max-width: 1024px) 100vw, 1024px\" \/><figcaption><a rel=\"noreferrer noopener\" href=\"https:\/\/data.matricula-online.eu\/de\/oesterreich\/st-poelten\/muenichreith-ostrong\/03%252F04\/?pg=50\" data-type=\"URL\" data-id=\"https:\/\/data.matricula-online.eu\/de\/oesterreich\/st-poelten\/muenichreith-ostrong\/03%252F04\/?pg=50\" target=\"_blank\">Sterbebuch M\u00fcnichreith TOM 03\/04 fol. 31<\/a><\/figcaption><\/figure>\n\n\n\n<p>Ein Eintrag im Memorabilienbuch von M\u00fcnichreith besagt:<\/p>\n\n\n\n<blockquote class=\"wp-block-quote is-layout-flow wp-block-quote-is-layout-flow\"><p>&#8222;Laut der im Taufbuche sich vorfindlichen Anmerkung sind bei dem am 29. Juni 1772 durch einen Wetterschlag entstandenen Brande das Archiv sammt den aus fr\u00fcheren Zeiten stammenden Matrikenb\u00fcchern ein Raub der Flammen geworden.&#8220;<\/p><cite>M\u00fcnichreith TOM 05\/01 &#8211; Memorabilienbuch<\/cite><\/blockquote>\n\n\n\n<p>Pfarrer Oliviccian schreibt zur Erinnerung:<\/p>\n\n\n\n<blockquote class=\"wp-block-quote is-layout-flow wp-block-quote-is-layout-flow\"><p>&#8222;Es hat nemlich das Donnerwetter abends nach Viertel \u00fcber 6 Uhr mitten in den Pfarrhof-Stadel eingeschlagen diesen ausser dem Keller und anderen Gew\u00f6lbern in Grund abgebrennt. Alle Hausfahrnus, wie nahmens selbe sind, und immer zum Hausfeldbau und Wiesmath n\u00f6tig, auch 2 Ochsen, 5 K\u00fche, 1 f\u00fcnfviertelj\u00e4hrige Kalben, 1 viertelj\u00e4hriges K\u00e4lberl, wiederum der Dienstboten als K\u00f6chin, Kuchel- und Viehmenschen, des Ross- und Ochsenknechts ihr Gewand und Habschaft; alle gangen und standen bei ihrer Arbeit; mehrmalen alle Leinw\u00e4sch, Tafel und Tischzeug, dann Silberl\u00f6ffeln, Messer und Gabeln, auch Bilder, K\u00e4sten, Tisch und Bettst\u00e4tten verzehret und einge\u00e4schert, ohne zu melden von 30 Klaftern Scheitern und anderes Holzwerk; auch den Vorrat an Korn und Hafern. Das Bestehen der Kirchen und aller \u00fcbrigen H\u00e4user sind errettet worden vor dem erstaunlichen Feuer. Sancte Deus, Sancte Fortis, Sancte imortalis miserere nobis!&#8220;<\/p><cite>Taufbuch M\u00fcnichreith TOM 01\/01 fol. 2<\/cite><\/blockquote>\n","protected":false},"excerpt":{"rendered":"<p>Ein Brand des Pfarrhofs M\u00fcnichreith ersch\u00fcttert 1772 die Bev\u00f6lkerung. Die am 6. Mai 1772 geborene Magdalena Fasching (Taufbuch M\u00fcnichreith TOM 01\/01 fol. 320) wird am &hellip; <\/p>\n","protected":false},"author":1,"featured_media":141,"comment_status":"closed","ping_status":"closed","sticky":false,"template":"","format":"standard","meta":{"_mo_disable_npp":"","footnotes":""},"categories":[5],"tags":[17,16,15,14],"class_list":["post-63","post","type-post","status-publish","format-standard","has-post-thumbnail","hentry","category-muenichreithgeschichten","tag-18-jahrhundert","tag-brand","tag-feuer","tag-muenichreith"],"cc_featured_image_caption":{"caption_text":false,"source_text":false,"source_url":false},"_links":{"self":[{"href":"https:\/\/stammbaum.payreder.com\/forscherblog\/wp-json\/wp\/v2\/posts\/63","targetHints":{"allow":["GET"]}}],"collection":[{"href":"https:\/\/stammbaum.payreder.com\/forscherblog\/wp-json\/wp\/v2\/posts"}],"about":[{"href":"https:\/\/stammbaum.payreder.com\/forscherblog\/wp-json\/wp\/v2\/types\/post"}],"author":[{"embeddable":true,"href":"https:\/\/stammbaum.payreder.com\/forscherblog\/wp-json\/wp\/v2\/users\/1"}],"replies":[{"embeddable":true,"href":"https:\/\/stammbaum.payreder.com\/forscherblog\/wp-json\/wp\/v2\/comments?post=63"}],"version-history":[{"count":6,"href":"https:\/\/stammbaum.payreder.com\/forscherblog\/wp-json\/wp\/v2\/posts\/63\/revisions"}],"predecessor-version":[{"id":209,"href":"https:\/\/stammbaum.payreder.com\/forscherblog\/wp-json\/wp\/v2\/posts\/63\/revisions\/209"}],"wp:featuredmedia":[{"embeddable":true,"href":"https:\/\/stammbaum.payreder.com\/forscherblog\/wp-json\/wp\/v2\/media\/141"}],"wp:attachment":[{"href":"https:\/\/stammbaum.payreder.com\/forscherblog\/wp-json\/wp\/v2\/media?parent=63"}],"wp:term":[{"taxonomy":"category","embeddable":true,"href":"https:\/\/stammbaum.payreder.com\/forscherblog\/wp-json\/wp\/v2\/categories?post=63"},{"taxonomy":"post_tag","embeddable":true,"href":"https:\/\/stammbaum.payreder.com\/forscherblog\/wp-json\/wp\/v2\/tags?post=63"}],"curies":[{"name":"wp","href":"https:\/\/api.w.org\/{rel}","templated":true}]}}