{"id":619,"date":"2025-08-11T15:44:11","date_gmt":"2025-08-11T13:44:11","guid":{"rendered":"https:\/\/stammbaum.payreder.com\/forscherblog\/?p=619"},"modified":"2025-08-11T15:44:11","modified_gmt":"2025-08-11T13:44:11","slug":"wie-weit-bistn","status":"publish","type":"post","link":"https:\/\/stammbaum.payreder.com\/forscherblog\/wie-weit-bistn\/","title":{"rendered":"Wie weit bistn?"},"content":{"rendered":"\n<p>Es ist wohl die h\u00e4ufigste Frage, die mir in Gespr\u00e4chen \u00fcber meine Ahnenforschung gestellt wird: <strong>\u201eWie weit bistn?\u201c<\/strong><br>Manchmal klingt sie neugierig, manchmal ungl\u00e4ubig \u2013 und oft schwingt mit, ob ich irgendwo auf Karl den Gro\u00dfen sto\u00dfe. Die Antwort ist nicht ganz so einfach, denn bei den \u00e4ltesten Vorfahren reden wir selten von exakten Geburtsdaten, sondern meist von <strong>berechneten Jahreszahlen<\/strong>: In vielen alten Kirchenb\u00fcchern steht beim Tod das Alter \u2013 zieht man dieses vom Sterbejahr ab, erh\u00e4lt man das ungef\u00e4hre Geburtsjahr.<\/p>\n\n\n\n<p>Ein Beispiel: Mein 10\u00d7 Urgro\u00dfvater <strong>Thomas Wimhofer<\/strong> starb am <strong>17. J\u00e4nner 1665<\/strong> mit <strong>82 Jahren<\/strong> \u2192 geboren <strong>um 1583<\/strong>.<\/p>\n\n\n\n<p>Heute stelle ich meine <strong>TOP 4<\/strong> vor \u2013 vier Menschen aus verschiedenen Linien unserer Familie, die in einer Zeit lebten, als Hexenprozesse noch stattfanden und der Drei\u00dfigj\u00e4hrige Krieg Europa ersch\u00fctterte.<\/p>\n\n\n\n<hr class=\"wp-block-separator has-alpha-channel-opacity\"\/>\n\n\n\n<h2 class=\"wp-block-heading\">1) Thomas Wimhofer \u2013 10\u00d7 Urgro\u00dfvater<\/h2>\n\n\n\n<p><em>ca. 1583 \u2013 17. Januar 1665, St. Oswald (Nieder\u00f6sterreich)<\/em><\/p>\n\n\n\n<p>Thomas geh\u00f6rt zur Linie meines Gro\u00dfvaters <strong>Franz Wurzer<\/strong>. Geboren um 1583, erlebte er als junger Mann die Gegenreformation in Nieder\u00f6sterreich. Er starb hochbetagt mit 82 Jahren in <strong>St. Oswald<\/strong> \u2013 bemerkenswert f\u00fcr diese Zeit. \u00dcber seinen Beruf ist nichts genaueres \u00fcberliefert; die Region war b\u00e4uerlich gepr\u00e4gt, das Dorfleben eng und gemeinschaftlich organisiert.<\/p>\n\n\n\n<figure class=\"wp-block-image size-large\"><img loading=\"lazy\" decoding=\"async\" width=\"1024\" height=\"630\" src=\"https:\/\/stammbaum.payreder.com\/forscherblog\/wp-content\/uploads\/2025\/08\/image-1024x630.png\" alt=\"\" class=\"wp-image-620\" srcset=\"https:\/\/stammbaum.payreder.com\/forscherblog\/wp-content\/uploads\/2025\/08\/image-1024x630.png 1024w, https:\/\/stammbaum.payreder.com\/forscherblog\/wp-content\/uploads\/2025\/08\/image-300x185.png 300w, https:\/\/stammbaum.payreder.com\/forscherblog\/wp-content\/uploads\/2025\/08\/image-768x472.png 768w, https:\/\/stammbaum.payreder.com\/forscherblog\/wp-content\/uploads\/2025\/08\/image.png 1120w\" sizes=\"auto, (max-width: 1024px) 100vw, 1024px\" \/><\/figure>\n\n\n\n<p>[<strong>Bild<\/strong>: Sterbeeintrag Thomas Wimhofer, St. Oswald 1665]<\/p>\n\n\n\n<hr class=\"wp-block-separator has-alpha-channel-opacity\"\/>\n\n\n\n<h2 class=\"wp-block-heading\">2) Thomas Payreder \u2013 11\u00d7 Urgro\u00dfvater<\/h2>\n\n\n\n<p><em>ca. 1588 \u2013 6. M\u00e4rz 1658, Leimlehen, St. Georgen am Walde (Ober\u00f6sterreich)<\/em><\/p>\n\n\n\n<p>Aus der Linie meines Gro\u00dfvaters <strong>Franz Payreder<\/strong>: Thomas starb 1658 im heutigen <strong>St. Georgen am Walde<\/strong> (Bezirk Perg). Geboren um 1588 erlebte er gro\u00dfe Teile des Drei\u00dfigj\u00e4hrigen Krieges. Wahrscheinlich war er Bauer \u2013 wie die meisten in dieser Gegend.<\/p>\n\n\n\n<figure class=\"wp-block-image size-large\"><img loading=\"lazy\" decoding=\"async\" width=\"1024\" height=\"286\" src=\"https:\/\/stammbaum.payreder.com\/forscherblog\/wp-content\/uploads\/2025\/08\/image-1-1024x286.png\" alt=\"\" class=\"wp-image-621\" srcset=\"https:\/\/stammbaum.payreder.com\/forscherblog\/wp-content\/uploads\/2025\/08\/image-1-1024x286.png 1024w, https:\/\/stammbaum.payreder.com\/forscherblog\/wp-content\/uploads\/2025\/08\/image-1-300x84.png 300w, https:\/\/stammbaum.payreder.com\/forscherblog\/wp-content\/uploads\/2025\/08\/image-1-768x214.png 768w, https:\/\/stammbaum.payreder.com\/forscherblog\/wp-content\/uploads\/2025\/08\/image-1.png 1189w\" sizes=\"auto, (max-width: 1024px) 100vw, 1024px\" \/><\/figure>\n\n\n\n<p>[<strong>Bild<\/strong>: Sterbeeintrag Thomas Payreder, St. Georgen am Walde 1658]<\/p>\n\n\n\n<hr class=\"wp-block-separator has-alpha-channel-opacity\"\/>\n\n\n\n<h2 class=\"wp-block-heading\">3) Michael Selmann \u2013 10\u00d7 Urgro\u00dfvater<\/h2>\n\n\n\n<p><em>ca. 1574 \u2013 11. Februar 1670, Weghof, Urthaleramt, St. Oswald (Nieder\u00f6sterreich)<\/em><\/p>\n\n\n\n<p>Michael ist der \u00e4lteste in dieser Runde \u2013 er wurde etwa <strong>96 Jahre<\/strong> alt. Er lebte zuletzt im <strong>Weghof<\/strong> (Urthaleramt, St. Oswald) und war <strong>Amtsmann<\/strong> \u2013 also eine Art \u00f6rtlicher Verwaltungs- und Aufsichtsbeamter. Er erlebte nicht nur den Drei\u00dfigj\u00e4hrigen Krieg, sondern den ganzen \u00dcbergang vom 16. ins 17. Jahrhundert mit Seuchen, Ernteausf\u00e4llen und Glaubenskonflikten.<\/p>\n\n\n\n<figure class=\"wp-block-image size-large\"><img loading=\"lazy\" decoding=\"async\" width=\"1024\" height=\"318\" src=\"https:\/\/stammbaum.payreder.com\/forscherblog\/wp-content\/uploads\/2025\/08\/image-2-1024x318.png\" alt=\"\" class=\"wp-image-622\" srcset=\"https:\/\/stammbaum.payreder.com\/forscherblog\/wp-content\/uploads\/2025\/08\/image-2-1024x318.png 1024w, https:\/\/stammbaum.payreder.com\/forscherblog\/wp-content\/uploads\/2025\/08\/image-2-300x93.png 300w, https:\/\/stammbaum.payreder.com\/forscherblog\/wp-content\/uploads\/2025\/08\/image-2-768x238.png 768w, https:\/\/stammbaum.payreder.com\/forscherblog\/wp-content\/uploads\/2025\/08\/image-2.png 1102w\" sizes=\"auto, (max-width: 1024px) 100vw, 1024px\" \/><\/figure>\n\n\n\n<p>[<strong>Bild<\/strong>: Sterbeeintrag Michael Selmann, St. Oswald 1670 (mit Amtsmann-Vermerk)]<\/p>\n\n\n\n<hr class=\"wp-block-separator has-alpha-channel-opacity\"\/>\n\n\n\n<h2 class=\"wp-block-heading\">4) Margareta Hinterdorfer \u2013 9\u00d7 Urgro\u00dfmutter (Ehefrauenseite)<\/h2>\n\n\n\n<p><em>ca. 1598 \u2013 8. November 1678, M\u00fchlreith, Dorfstetten (Nieder\u00f6sterreich)<\/em><\/p>\n\n\n\n<p>Margareta ist die \u00e4lteste bekannte Vorfahrin meiner Frau \u2013 9\u00d7 Urgro\u00dfmutter in der Linie ihrer Gro\u00dfmutter <strong>Franziska Zemliczka, geb. Bichler<\/strong>. Sie starb 1678 mit 80 Jahren in <strong>M\u00fchlreith<\/strong> bei <strong>Dorfstetten<\/strong>. Frauen trugen damals doppelt: Haus und Hof, Kinder und alternde Angeh\u00f6rige \u2013 und all das in einer unruhigen Zeit.<\/p>\n\n\n\n<figure class=\"wp-block-image size-large\"><img loading=\"lazy\" decoding=\"async\" width=\"1024\" height=\"487\" src=\"https:\/\/stammbaum.payreder.com\/forscherblog\/wp-content\/uploads\/2025\/08\/image-3-1024x487.png\" alt=\"\" class=\"wp-image-623\" srcset=\"https:\/\/stammbaum.payreder.com\/forscherblog\/wp-content\/uploads\/2025\/08\/image-3-1024x487.png 1024w, https:\/\/stammbaum.payreder.com\/forscherblog\/wp-content\/uploads\/2025\/08\/image-3-300x143.png 300w, https:\/\/stammbaum.payreder.com\/forscherblog\/wp-content\/uploads\/2025\/08\/image-3-768x365.png 768w, https:\/\/stammbaum.payreder.com\/forscherblog\/wp-content\/uploads\/2025\/08\/image-3.png 1130w\" sizes=\"auto, (max-width: 1024px) 100vw, 1024px\" \/><\/figure>\n\n\n\n<p>[<strong>Bild<\/strong>: Sterbeeintrag Margareta Hinterdorfer, Dorfstetten 1678]<\/p>\n\n\n\n<hr class=\"wp-block-separator has-alpha-channel-opacity\"\/>\n\n\n\n<h2 class=\"wp-block-heading\">Wie war die Zeit damals?<\/h2>\n\n\n\n<p>Um 1600 waren Nieder- und Ober\u00f6sterreich Teil des <strong>Heiligen R\u00f6mischen Reiches<\/strong> unter den Habsburgern. Die <strong>Gegenreformation<\/strong> pr\u00e4gte das religi\u00f6se Leben, Pfarren und Kl\u00f6ster waren zentrale Anker im Alltag. Die meisten Menschen arbeiteten in der <strong>Landwirtschaft<\/strong>, Wege waren beschwerlich, Nachrichten langsam.<\/p>\n\n\n\n<p>Zwischen <strong>1618 und 1648<\/strong> verw\u00fcstete der <strong>Drei\u00dfigj\u00e4hrige Krieg<\/strong> viele Regionen. Nicht jede Schlacht erreichte die abgelegenen T\u00e4ler, doch <strong>Truppendurchm\u00e4rsche, Abgaben, Hunger und Seuchen<\/strong> sp\u00fcrten auch die Menschen in unseren Orten. In diesem Umfeld wurden unsere Vorfahren geboren, gr\u00fcndeten Familien \u2013 und hielten durch.<\/p>\n\n\n\n<hr class=\"wp-block-separator has-alpha-channel-opacity\"\/>\n\n\n\n<h2 class=\"wp-block-heading\">Ein Blick zur\u00fcck \u2013 und nach vorn<\/h2>\n\n\n\n<p>Diese vier Namen sind nur ein paar Puzzleteile im gro\u00dfen Bild. Jeder steht f\u00fcr ein gelebtes Leben in einer anderen Welt \u2013 und doch f\u00fchren die Linien direkt zu uns. Ob ich noch weiter zur\u00fcckkomme? Vielleicht. Aber die Faszination liegt nicht nur im <strong>\u201eWie weit?\u201c<\/strong>, sondern im <strong>\u201eWer?\u201c<\/strong> und <strong>\u201eWie?\u201c<\/strong>.<\/p>\n\n\n\n<p><strong>Und du \u2013 wie weit bistn?<\/strong><\/p>\n","protected":false},"excerpt":{"rendered":"<p>Es ist wohl die h\u00e4ufigste Frage, die mir in Gespr\u00e4chen \u00fcber meine Ahnenforschung gestellt wird: \u201eWie weit bistn?\u201cManchmal klingt sie neugierig, manchmal ungl\u00e4ubig \u2013 und &hellip; <\/p>\n","protected":false},"author":1,"featured_media":624,"comment_status":"open","ping_status":"open","sticky":false,"template":"","format":"standard","meta":{"_mo_disable_npp":"","footnotes":""},"categories":[1],"tags":[],"class_list":["post-619","post","type-post","status-publish","format-standard","has-post-thumbnail","hentry","category-uncategorized"],"cc_featured_image_caption":{"caption_text":"","source_text":"","source_url":""},"_links":{"self":[{"href":"https:\/\/stammbaum.payreder.com\/forscherblog\/wp-json\/wp\/v2\/posts\/619","targetHints":{"allow":["GET"]}}],"collection":[{"href":"https:\/\/stammbaum.payreder.com\/forscherblog\/wp-json\/wp\/v2\/posts"}],"about":[{"href":"https:\/\/stammbaum.payreder.com\/forscherblog\/wp-json\/wp\/v2\/types\/post"}],"author":[{"embeddable":true,"href":"https:\/\/stammbaum.payreder.com\/forscherblog\/wp-json\/wp\/v2\/users\/1"}],"replies":[{"embeddable":true,"href":"https:\/\/stammbaum.payreder.com\/forscherblog\/wp-json\/wp\/v2\/comments?post=619"}],"version-history":[{"count":2,"href":"https:\/\/stammbaum.payreder.com\/forscherblog\/wp-json\/wp\/v2\/posts\/619\/revisions"}],"predecessor-version":[{"id":626,"href":"https:\/\/stammbaum.payreder.com\/forscherblog\/wp-json\/wp\/v2\/posts\/619\/revisions\/626"}],"wp:featuredmedia":[{"embeddable":true,"href":"https:\/\/stammbaum.payreder.com\/forscherblog\/wp-json\/wp\/v2\/media\/624"}],"wp:attachment":[{"href":"https:\/\/stammbaum.payreder.com\/forscherblog\/wp-json\/wp\/v2\/media?parent=619"}],"wp:term":[{"taxonomy":"category","embeddable":true,"href":"https:\/\/stammbaum.payreder.com\/forscherblog\/wp-json\/wp\/v2\/categories?post=619"},{"taxonomy":"post_tag","embeddable":true,"href":"https:\/\/stammbaum.payreder.com\/forscherblog\/wp-json\/wp\/v2\/tags?post=619"}],"curies":[{"name":"wp","href":"https:\/\/api.w.org\/{rel}","templated":true}]}}