{"id":578,"date":"2024-12-22T13:37:39","date_gmt":"2024-12-22T12:37:39","guid":{"rendered":"https:\/\/stammbaum.payreder.com\/forscherblog\/?p=578"},"modified":"2024-12-22T13:37:41","modified_gmt":"2024-12-22T12:37:41","slug":"eva-linsbichler-meine-8x-urgrossmutter","status":"publish","type":"post","link":"https:\/\/stammbaum.payreder.com\/forscherblog\/eva-linsbichler-meine-8x-urgrossmutter\/","title":{"rendered":"Eva Linsbichler \u2013 Meine 8x Urgro\u00dfmutter"},"content":{"rendered":"\n<h2 class=\"wp-block-heading\">Einleitung<\/h2>\n\n\n\n<p>Eva Linsbichler, geboren am 22. Dezember 1648 im malerischen Waldviertel, ist eine zentrale Figur meiner Familiengeschichte. Ihre Lebenszeit f\u00e4llt in eine Epoche gro\u00dfer religi\u00f6ser und gesellschaftlicher Umw\u00e4lzungen. Die Geschichte ihrer Familie spiegelt die Herausforderungen wider, denen viele Protestanten in der fr\u00fchen Neuzeit ausgesetzt waren.<\/p>\n\n\n\n<hr class=\"wp-block-separator has-alpha-channel-opacity\"\/>\n\n\n\n<h2 class=\"wp-block-heading\">Kindheit und Familie<\/h2>\n\n\n\n<p>Eva wird als Tochter von Zacharias und Susanna Linsbichler geboren. Ihre Eltern, \u00fcberzeugte Protestanten, erleben bereits den enormen Druck der Gegenreformation, der nach dem Augsburger Religionsfrieden (1555) immer st\u00e4rker wird. Obwohl dieser Frieden den Protestanten gewisse Rechte zusicherte, war die Realit\u00e4t im katholisch gepr\u00e4gten Habsburgerreich eine andere. Bereits ihre Eltern wurden zwangsweise zum Katholizismus bekehrt \u2013 ein Schicksal, das viele protestantische Familien in jener Zeit teilen.<\/p>\n\n\n\n<hr class=\"wp-block-separator has-alpha-channel-opacity\"\/>\n\n\n\n<h2 class=\"wp-block-heading\">Der Augsburger Religionsfrieden und seine Grenzen<\/h2>\n\n\n\n<p>Der Augsburger Religionsfrieden von 1555 sollte eigentlich den jahrzehntelangen Konflikt zwischen Katholiken und Protestanten beenden. In der Praxis blieb er jedoch oft wirkungslos. Besonders in den habsburgischen Erblanden, zu denen auch das Waldviertel geh\u00f6rte, hatten Protestanten mit Unterdr\u00fcckungen zu k\u00e4mpfen. Von Martin Luther \u00fcbersetzte Bibeln wurden verboten, Gottesdienste \u00fcberwacht und protestantische Geistliche vertrieben. F\u00fcr Familien wie die Linsbichlers bedeutete dies ein Leben in st\u00e4ndiger Unsicherheit.<\/p>\n\n\n\n<hr class=\"wp-block-separator has-alpha-channel-opacity\"\/>\n\n\n\n<h2 class=\"wp-block-heading\">Zwangskatholisierung<\/h2>\n\n\n\n<p>Die religi\u00f6se Toleranz des Augsburger Religionsfriedens endet endg\u00fcltig mit der Durchsetzung der Gegenreformation. In den 1620er-Jahren beginnen gezielte Ma\u00dfnahmen, um Protestanten zur\u00fcck zur katholischen Kirche zu f\u00fchren. Im Fall der Familie Linsbichler bedeutete dies, dass Zacharias und Susanna unter Androhung von Strafen gezwungen wurden, ihren Glauben aufzugeben. Dieser Eingriff in das Leben der Familie pr\u00e4gt auch ihre Tochter Eva.<\/p>\n\n\n<div class=\"wp-block-image\">\n<figure class=\"aligncenter size-large is-resized\"><img loading=\"lazy\" decoding=\"async\" width=\"780\" height=\"1024\" src=\"https:\/\/stammbaum.payreder.com\/forscherblog\/wp-content\/uploads\/2024\/12\/image-5-780x1024.png\" alt=\"\" class=\"wp-image-584\" style=\"width:340px;height:auto\" srcset=\"https:\/\/stammbaum.payreder.com\/forscherblog\/wp-content\/uploads\/2024\/12\/image-5-780x1024.png 780w, https:\/\/stammbaum.payreder.com\/forscherblog\/wp-content\/uploads\/2024\/12\/image-5-228x300.png 228w, https:\/\/stammbaum.payreder.com\/forscherblog\/wp-content\/uploads\/2024\/12\/image-5-768x1009.png 768w, https:\/\/stammbaum.payreder.com\/forscherblog\/wp-content\/uploads\/2024\/12\/image-5.png 1028w\" sizes=\"auto, (max-width: 780px) 100vw, 780px\" \/><\/figure>\n<\/div>\n\n\n<hr class=\"wp-block-separator has-alpha-channel-opacity\"\/>\n\n\n\n<h2 class=\"wp-block-heading\">\u00dcberwachung und Kontrolle<\/h2>\n\n\n\n<p>F\u00fcr protestantische Familien wie die Linsbichlers bedeutete die Zwangskatholisierung nicht das Ende der Unterdr\u00fcckung. Beh\u00f6rden \u00fcberwachten streng, ob die Konvertierten tats\u00e4chlich den katholischen Glauben praktizierten. Kirchgangspflichten wurden kontrolliert, und bei Abweichungen drohten hohe Strafen. Dieses Klima der \u00dcberwachung und Angst pr\u00e4gte Evas gesamte Kindheit und Jugend.<\/p>\n\n\n\n<hr class=\"wp-block-separator has-alpha-channel-opacity\"\/>\n\n\n\n<h2 class=\"wp-block-heading\">Ehe und eigenes Leben<\/h2>\n\n\n\n<p>Im Jahr 1682 heiratet die nun katholische Eva Linsbichler Adam Wurzer. Gemeinsam ziehen sie f\u00fcnf Kinder gro\u00df, denen sie eine stabile Zukunft erm\u00f6glichen. Die Ehe mit Adam gibt Eva die Kraft, die Herausforderungen ihrer Zeit zu meistern. Ihre Kinder wachsen in einer Zeit auf, die zwar von religi\u00f6ser Kontrolle gepr\u00e4gt ist, aber auch den Zusammenhalt der Familie st\u00e4rkt.<\/p>\n\n\n\n<hr class=\"wp-block-separator has-alpha-channel-opacity\"\/>\n\n\n\n<h2 class=\"wp-block-heading\">Gesellschaftliche und religi\u00f6se Umst\u00e4nde<\/h2>\n\n\n\n<p>Evas Leben f\u00e4llt in eine Zeit, in der die Gegenreformation mit aller H\u00e4rte durchgesetzt wird. Es gelingt ihren Eltern nicht, einen Weg zu finden, ihren Glauben und ihre Werte zu bewahren. Ihre Geschichte ist ein Zeugnis des Widerstands und der Anpassung an schwierige Zeiten. <\/p>\n\n\n\n<hr class=\"wp-block-separator has-alpha-channel-opacity\"\/>\n\n\n\n<h2 class=\"wp-block-heading\">Schlussfolgerung<\/h2>\n\n\n\n<p>Die Lebensgeschichte von Eva Linsbichler ist ein beeindruckendes Beispiel f\u00fcr die Herausforderungen und Widerst\u00e4nde, die protestantische Familien im 17. Jahrhundert bew\u00e4ltigen mussten. Der Zwang und die Kontrolle die die Familie \u00fcber sich ergehen lassen musste, macht sie zu einer inspirierenden Figur in meiner Familiengeschichte.<\/p>\n\n\n\n<p>Quelle: <br>Gesellschaft f\u00fcr Familienforschung in Franken \u2013 <em>Verzeichnis der Neubekehrten im Waldviertel 1652-1654 (1992)<\/em><\/p>\n","protected":false},"excerpt":{"rendered":"<p>Einleitung Eva Linsbichler, geboren am 22. Dezember 1648 im malerischen Waldviertel, ist eine zentrale Figur meiner Familiengeschichte. Ihre Lebenszeit f\u00e4llt in eine Epoche gro\u00dfer religi\u00f6ser &hellip; <\/p>\n","protected":false},"author":1,"featured_media":581,"comment_status":"open","ping_status":"open","sticky":false,"template":"","format":"standard","meta":{"_mo_disable_npp":"","footnotes":""},"categories":[4],"tags":[26,44],"class_list":["post-578","post","type-post","status-publish","format-standard","has-post-thumbnail","hentry","category-geschichten-aus-meiner-ahnenforschung","tag-17-jahrhundert","tag-protestanten"],"cc_featured_image_caption":{"caption_text":"Bild KI - generiert","source_text":"","source_url":""},"_links":{"self":[{"href":"https:\/\/stammbaum.payreder.com\/forscherblog\/wp-json\/wp\/v2\/posts\/578","targetHints":{"allow":["GET"]}}],"collection":[{"href":"https:\/\/stammbaum.payreder.com\/forscherblog\/wp-json\/wp\/v2\/posts"}],"about":[{"href":"https:\/\/stammbaum.payreder.com\/forscherblog\/wp-json\/wp\/v2\/types\/post"}],"author":[{"embeddable":true,"href":"https:\/\/stammbaum.payreder.com\/forscherblog\/wp-json\/wp\/v2\/users\/1"}],"replies":[{"embeddable":true,"href":"https:\/\/stammbaum.payreder.com\/forscherblog\/wp-json\/wp\/v2\/comments?post=578"}],"version-history":[{"count":7,"href":"https:\/\/stammbaum.payreder.com\/forscherblog\/wp-json\/wp\/v2\/posts\/578\/revisions"}],"predecessor-version":[{"id":587,"href":"https:\/\/stammbaum.payreder.com\/forscherblog\/wp-json\/wp\/v2\/posts\/578\/revisions\/587"}],"wp:featuredmedia":[{"embeddable":true,"href":"https:\/\/stammbaum.payreder.com\/forscherblog\/wp-json\/wp\/v2\/media\/581"}],"wp:attachment":[{"href":"https:\/\/stammbaum.payreder.com\/forscherblog\/wp-json\/wp\/v2\/media?parent=578"}],"wp:term":[{"taxonomy":"category","embeddable":true,"href":"https:\/\/stammbaum.payreder.com\/forscherblog\/wp-json\/wp\/v2\/categories?post=578"},{"taxonomy":"post_tag","embeddable":true,"href":"https:\/\/stammbaum.payreder.com\/forscherblog\/wp-json\/wp\/v2\/tags?post=578"}],"curies":[{"name":"wp","href":"https:\/\/api.w.org\/{rel}","templated":true}]}}