{"id":544,"date":"2024-08-07T11:45:52","date_gmt":"2024-08-07T09:45:52","guid":{"rendered":"https:\/\/stammbaum.payreder.com\/forscherblog\/?p=544"},"modified":"2024-08-07T11:56:56","modified_gmt":"2024-08-07T09:56:56","slug":"wenn-ein-streit-eskaliert","status":"publish","type":"post","link":"https:\/\/stammbaum.payreder.com\/forscherblog\/wenn-ein-streit-eskaliert\/","title":{"rendered":"Wenn ein Streit eskaliert"},"content":{"rendered":"<div class=\"wp-block-image\">\n<figure class=\"aligncenter size-full is-resized\"><img loading=\"lazy\" decoding=\"async\" width=\"1024\" height=\"1024\" src=\"https:\/\/stammbaum.payreder.com\/forscherblog\/wp-content\/uploads\/2024\/08\/image.png\" alt=\"\" class=\"wp-image-545\" style=\"width:331px;height:auto\" srcset=\"https:\/\/stammbaum.payreder.com\/forscherblog\/wp-content\/uploads\/2024\/08\/image.png 1024w, https:\/\/stammbaum.payreder.com\/forscherblog\/wp-content\/uploads\/2024\/08\/image-300x300.png 300w, https:\/\/stammbaum.payreder.com\/forscherblog\/wp-content\/uploads\/2024\/08\/image-150x150.png 150w, https:\/\/stammbaum.payreder.com\/forscherblog\/wp-content\/uploads\/2024\/08\/image-768x768.png 768w\" sizes=\"auto, (max-width: 1024px) 100vw, 1024px\" \/><figcaption class=\"wp-element-caption\">KI generiertes Bild<\/figcaption><\/figure>\n<\/div>\n\n\n<h3 class=\"wp-block-heading\">1. Einf\u00fchrung: Der Vorfall im Jahr 1705<\/h3>\n\n\n\n<p>Im Jahr 1705 kommt es in M\u00fcnichreith im s\u00fcdlichen Waldviertel zu einem bemerkenswerten Vorfall in einem Wirtshaus. Es handelt sich um eine Auseinandersetzung zwischen Simon Preuer, einem Bauern aus der Region, und zwei anderen Dorfbewohnern, Michael Simoner und Christoph Rausch. Was als scheinbar harmloser Streit beginnt, eskaliert bald zu einem gewaltt\u00e4tigen Konflikt, der mit einer schweren Verletzung und einer drastischen Bestrafung endet.<\/p>\n\n\n\n<h3 class=\"wp-block-heading\">2. Die Protagonisten des Streits: Simon Preuer, Michael Simoner und Christoph Rausch<\/h3>\n\n\n\n<p>Simon Preuer, ist in der Gemeinschaft f\u00fcr sein aufbrausendes Temperament bekannt. Die damalige Gesellschaft ist stark hierarchisch organisiert, wodurch pers\u00f6nliche Streitigkeiten h\u00e4ufig \u00f6ffentlich ausgetragen werden. Preuer hat bereits in der Vergangenheit durch aggressive Ausbr\u00fcche auf sich aufmerksam gemacht.<\/p>\n\n\n\n<p>Michael Simoner und Christoph Rausch hingegen sind weniger auff\u00e4llige Figuren im Dorfleben und werden durch diesen Vorfall dennoch zu zentralen Figuren in einer Auseinandersetzung.<\/p>\n\n\n\n<h3 class=\"wp-block-heading\">3. Der Schauplatz: Das Wirtshaus als sozialer Brennpunkt<\/h3>\n\n\n\n<p>Das Wirtshaus im Jahr 1705 ist sowohl ein Ort des gem\u00fctlichen Beisammenseins als auch ein sozialer Brennpunkt, an dem sich die Dorfbewohner treffen, um Neuigkeiten auszutauschen, Gesch\u00e4fte abzuschlie\u00dfen und mitunter auch Konflikte auszutragen. An diesem Tag, als Simon Preuer und die beiden anderen Dorfbewohner das Wirtshaus aufsuchen, ist die Atmosph\u00e4re geladen. Vermutlich flie\u00dft Alkohol, und in den engen R\u00e4umen, wo die Menschen dicht gedr\u00e4ngt beisammenstehen, reicht oft ein falsches Wort, um die Stimmung kippen zu lassen.<\/p>\n\n\n\n<h3 class=\"wp-block-heading\">4. Der Konflikt eskaliert: Von der verbalen Auseinandersetzung zur Gewalt<\/h3>\n\n\n\n<p>Der Tag beginnt harmlos, doch wie so oft, wenn Alkohol im Spiel ist, entz\u00fcndet sich ein Streit. Simon Preuer und sein Stiefsohn Matthias Simoner geraten zuerst aneinander. Es ist nicht klar, wor\u00fcber sie sich streiten, doch die Auseinandersetzung eskaliert schnell. Augenzeugen berichten sp\u00e4ter, dass Preuer in einem Anfall von Wut auf Matthias losgeht, und es zu einer handfesten Rauferei kommt.<\/p>\n\n\n\n<p>Als Michael Simoner das Wirtshaus verlassen will wird auch er in die Auseinandersetzung hineingezogen. Preuer, bereits in Rage, gibt ihm einen heftigen Sto\u00df, der ihn zu Boden wirft. Christoph Rausch, der ebenfalls gerade dabei ist, das Wirtshaus zu verlassen, wird auch in den Streit verwickelt. In dem Tumult greift Preuer nach einem Krug und schl\u00e4gt ihn auf Rausch ein. Was dann passiert, wird sp\u00e4ter zu einem der grausamsten Details der Auseinandersetzung: In einem Kampf, bei dem Rausch versucht, sich zu wehren, bei\u00dft ihm Preuer den halben Daumen ab.<\/p>\n\n\n\n<h3 class=\"wp-block-heading\">5. Die Zeugenaussagen: Die Rolle des Christoph Gerersdorfer<\/h3>\n\n\n\n<p>Ein solcher Vorfall bleibt nicht unbemerkt, und es dauert nicht lange, bis jemand von dem blutigen Streit erf\u00e4hrt. Christoph Gerersdorfer, ein Bauer aus Grub in Edelsreith, ist zuf\u00e4llig im Wirtshaus anwesend und wird zum wichtigsten Zeugen. In der darauffolgenden Untersuchung durch die Herrschaftskanzlei Weissenberg schildert er den Verlauf des Vorfalls detailliert. Gerersdorfer beschreibt, wie Preuer den Streit angezettelt hat und betont, dass es Preuer war, der zuerst handgreiflich wurde.<\/p>\n\n\n\n<p>Die Aussage von Gerersdorfer ist f\u00fcr das Gericht von entscheidender Bedeutung, denn Simon Preuer bestreitet, den Streit begonnen zu haben. Er gibt zwar zu, dass er Rausch den Daumen abgebissen hat, behauptet jedoch, dies sei nur deswegen geschehen, weil Rausch ihm in den Mund gegriffen habe. Die weiteren Zeugen best\u00e4tigen jedoch Gerersdorfers Version, und es wird deutlich, dass Preuer nicht nur aggressiv reagierte, sondern den gesamten Vorfall ausgel\u00f6st hat.<\/p>\n\n\n\n<h3 class=\"wp-block-heading\">6. Das Urteil: Simon Preuer wird verurteilt<\/h3>\n\n\n\n<p>Die Herrschaftskanzlei, die \u00fcber den Vorfall urteilt, ist keine moderne Justizinstitution, sondern spiegelt die Rechtspraktiken des fr\u00fchen 18. Jahrhunderts wider. Die Gerichtsbarkeit ist stark von den lokalen Herrschaften gepr\u00e4gt, und die Urteile basieren h\u00e4ufig auf dem pers\u00f6nlichen Ermessen der Richter sowie auf den Aussagen von Zeugen.<\/p>\n\n\n\n<p>Im Fall von Simon Preuer ist das Urteil eindeutig. Aufgrund seines wiederholten aggressiven Verhaltens und der Brutalit\u00e4t der Tat wird er als gef\u00e4hrlicher Unruhestifter eingestuft. Die Strafe f\u00e4llt hart aus: Preuer wird f\u00fcr zwei Tage in Ketten gelegt und erh\u00e4lt lediglich Brot und Wasser zur Nahrung. In einer Zeit, in der das gesellschaftliche Zusammenleben von festen Normen und Regeln gepr\u00e4gt ist, wird ein solches Urteil ernst genommen und als Mahnung an die Gemeinschaft verstanden.<\/p>\n\n\n\n<h3 class=\"wp-block-heading\">7. Fazit: Der Vorfall im Kontext der damaligen Zeit<\/h3>\n\n\n\n<p>Der Vorfall im Jahr 1705 ist mehr als nur eine Auseinandersetzung unter Dorfbewohnern. Er ist ein Spiegel der gesellschaftlichen Verh\u00e4ltnisse und der sozialen Dynamik der damaligen Zeit. In einer d\u00f6rflichen Gemeinschaft kann ein Streit schnell eskalieren und weitreichende Konsequenzen haben. Simon Preuer, der in seiner Wut die Grenzen des Akzeptablen \u00fcberschreitet, wird zum Symbol f\u00fcr die Gefahren, die in der Missachtung sozialer Gesetze liegen.<\/p>\n\n\n\n<p>Dieser Vorfall zeigt auch die Bedeutung von Zeugenaussagen und \u00f6ffentlicher Meinung in der Rechtsprechung der damaligen Zeit. W\u00e4hrend heute das Rechtssystem durch schriftliche Beweise und formale Verfahren gepr\u00e4gt ist, spielen in dieser Epoche pers\u00f6nliche Berichte und das Wort angesehener Dorfbewohner eine entscheidende Rolle.<\/p>\n\n\n<div class=\"wp-block-image\">\n<figure class=\"aligncenter size-full is-resized\"><img loading=\"lazy\" decoding=\"async\" width=\"664\" height=\"690\" src=\"https:\/\/stammbaum.payreder.com\/forscherblog\/wp-content\/uploads\/2024\/08\/image-1.png\" alt=\"\" class=\"wp-image-551\" style=\"width:664px;height:auto\" srcset=\"https:\/\/stammbaum.payreder.com\/forscherblog\/wp-content\/uploads\/2024\/08\/image-1.png 664w, https:\/\/stammbaum.payreder.com\/forscherblog\/wp-content\/uploads\/2024\/08\/image-1-289x300.png 289w\" sizes=\"auto, (max-width: 664px) 100vw, 664px\" \/><figcaption class=\"wp-element-caption\">Quelle: KG Krems 182 10 &#8211; Kauf- und Inventursprotokoll der Herrschaft Persenbeug I 1696-1707, fol. 311ff<\/figcaption><\/figure>\n<\/div>\n\n\n<blockquote class=\"wp-block-quote is-layout-flow wp-block-quote-is-layout-flow\">\n<p>[\u2026] neben ainen versetzten grausamben Kopf Straich mit ainem Krug, worauf sie zusamben gefallen und wehrenten Rauffen sain Rauschens Damb fast zur helfte abgebissen [\u2026]<\/p>\n<\/blockquote>\n","protected":false},"excerpt":{"rendered":"<p>1. Einf\u00fchrung: Der Vorfall im Jahr 1705 Im Jahr 1705 kommt es in M\u00fcnichreith im s\u00fcdlichen Waldviertel zu einem bemerkenswerten Vorfall in einem Wirtshaus. Es &hellip; <\/p>\n","protected":false},"author":1,"featured_media":545,"comment_status":"open","ping_status":"open","sticky":false,"template":"","format":"standard","meta":{"_mo_disable_npp":"","footnotes":""},"categories":[5],"tags":[14],"class_list":["post-544","post","type-post","status-publish","format-standard","has-post-thumbnail","hentry","category-muenichreithgeschichten","tag-muenichreith"],"cc_featured_image_caption":{"caption_text":false,"source_text":false,"source_url":false},"_links":{"self":[{"href":"https:\/\/stammbaum.payreder.com\/forscherblog\/wp-json\/wp\/v2\/posts\/544","targetHints":{"allow":["GET"]}}],"collection":[{"href":"https:\/\/stammbaum.payreder.com\/forscherblog\/wp-json\/wp\/v2\/posts"}],"about":[{"href":"https:\/\/stammbaum.payreder.com\/forscherblog\/wp-json\/wp\/v2\/types\/post"}],"author":[{"embeddable":true,"href":"https:\/\/stammbaum.payreder.com\/forscherblog\/wp-json\/wp\/v2\/users\/1"}],"replies":[{"embeddable":true,"href":"https:\/\/stammbaum.payreder.com\/forscherblog\/wp-json\/wp\/v2\/comments?post=544"}],"version-history":[{"count":7,"href":"https:\/\/stammbaum.payreder.com\/forscherblog\/wp-json\/wp\/v2\/posts\/544\/revisions"}],"predecessor-version":[{"id":553,"href":"https:\/\/stammbaum.payreder.com\/forscherblog\/wp-json\/wp\/v2\/posts\/544\/revisions\/553"}],"wp:featuredmedia":[{"embeddable":true,"href":"https:\/\/stammbaum.payreder.com\/forscherblog\/wp-json\/wp\/v2\/media\/545"}],"wp:attachment":[{"href":"https:\/\/stammbaum.payreder.com\/forscherblog\/wp-json\/wp\/v2\/media?parent=544"}],"wp:term":[{"taxonomy":"category","embeddable":true,"href":"https:\/\/stammbaum.payreder.com\/forscherblog\/wp-json\/wp\/v2\/categories?post=544"},{"taxonomy":"post_tag","embeddable":true,"href":"https:\/\/stammbaum.payreder.com\/forscherblog\/wp-json\/wp\/v2\/tags?post=544"}],"curies":[{"name":"wp","href":"https:\/\/api.w.org\/{rel}","templated":true}]}}