{"id":528,"date":"2024-03-30T12:38:47","date_gmt":"2024-03-30T11:38:47","guid":{"rendered":"https:\/\/stammbaum.payreder.com\/forscherblog\/?p=528"},"modified":"2024-03-30T12:54:40","modified_gmt":"2024-03-30T11:54:40","slug":"ostern-in-der-pfarre-muenichreith-im-18-jahrhundert-zwei-tragische-einblicke","status":"publish","type":"post","link":"https:\/\/stammbaum.payreder.com\/forscherblog\/ostern-in-der-pfarre-muenichreith-im-18-jahrhundert-zwei-tragische-einblicke\/","title":{"rendered":"Ostern in der Pfarre M\u00fcnichreith im 18. Jahrhundert &#8211; Zwei tragische Einblicke"},"content":{"rendered":"\n<p>Das Osterfest, das Fest der Auferstehung Jesu Christi, wird von Gl\u00e4ubigen weltweit als ein H\u00f6hepunkt im kirchlichen Kalender gefeiert. Es ist eine Zeit der Freude, des Neubeginns und der Hoffnung. Doch in der kleinen Pfarrgemeinde M\u00fcnichreith im 18. Jahrhundert treten zwei Ereignisse ein, die die Festlichkeiten in einen Schleier der Tragik h\u00fcllen, und das trotz der feierlichen Verrichtung der \u00f6sterlichen Beichte durch die Betroffenen.<\/p>\n\n\n\n<p><strong>Ostern im Jahr 1753<\/strong><\/p>\n\n\n\n<p>Ostern steht bevor &#8211; der Ostersonntag in diesem Jahr f\u00e4llt auf den 22. April 1753<\/p>\n\n\n\n<p>Das Jahr 1753 sollte f\u00fcr Johann Kloimillner, einen Wirt  aus Obererla 2 &#8211; das heutige Gasthaus Schachenhofer &#8211; ein besonderes Osterfest bringen. Wie viele andere Gl\u00e4ubige begibt er sich zur \u00f6sterlichen Beichte, um sich auf das bevorstehende Fest vorzubereiten. Doch das Schicksal hat andere Pl\u00e4ne f\u00fcr ihn. Am 12. April 1753 begibt sich Johann Kloibmillner zur Beichte, nur um zwei Tage sp\u00e4ter, am 14. April 1753, auf dem Friedhof in M\u00fcnichreith beerdigt zu werden. Das Kirchenbuch verzeichnet seinen tragischen Tod wie folgt: <\/p>\n\n\n\n<blockquote class=\"wp-block-quote is-layout-flow wp-block-quote-is-layout-flow\">\n<p>&#8222;Wirt zu Obererla, welcher 2 Tage vorher die \u00f6sterliche Beichte verrichtet, darauf in der Steiner Saag zu Edelsreith augenblicklich erdr\u00fcckt worden.&#8220; <\/p>\n<cite>Quelle: Pfarre M\u00fcnichreith\/Ostrong, Sterbebuch 1700-1784, TOM 03\/01, S.92<\/cite><\/blockquote>\n\n\n<div class=\"wp-block-image is-style-default\">\n<figure class=\"aligncenter size-full\"><img loading=\"lazy\" decoding=\"async\" width=\"723\" height=\"213\" src=\"https:\/\/stammbaum.payreder.com\/forscherblog\/wp-content\/uploads\/2024\/03\/image-2.png\" alt=\"\" class=\"wp-image-532\" srcset=\"https:\/\/stammbaum.payreder.com\/forscherblog\/wp-content\/uploads\/2024\/03\/image-2.png 723w, https:\/\/stammbaum.payreder.com\/forscherblog\/wp-content\/uploads\/2024\/03\/image-2-300x88.png 300w\" sizes=\"auto, (max-width: 723px) 100vw, 723px\" \/><\/figure>\n<\/div>\n\n\n<p>Die Freude des Osterfestes wird f\u00fcr Johann Kloimillner und seine Familie durch eine unvorhergesehene Trag\u00f6die zunichtegemacht.<\/p>\n\n\n\n<p><strong>Ostern im Jahr 1757<\/strong><\/p>\n\n\n\n<p>Dieses mal f\u00e4llt der Ostersonntag auf den 10. April 1757.<\/p>\n\n\n\n<p>Vier Jahre sp\u00e4ter also wiederholt sich das tragische Szenario in der Pfarrgemeinde M\u00fcnichreith. Johann Gerersdorfer aus Grub bei Edelsreith begibt sich ebenfalls zur \u00f6sterlichen Beichte, um sich f\u00fcr das bevorstehende Fest vorzubereiten. Doch wie zuvor endet sein Leben abrupt und tragisch. Am 5. April 1757 geht Johann Gerersdorfer zur Beichte, nur um zwei Tage sp\u00e4ter, am 7. April 1757, auf dem Friedhof in M\u00fcnichreith seine letzte Ruhe zu finden. Das Kirchenbuch berichtet \u00fcber sein Schicksal: <\/p>\n\n\n\n<blockquote class=\"wp-block-quote is-layout-flow wp-block-quote-is-layout-flow\">\n<p>&#8222;welcher 2 Tage vorher seine \u00f6sterliche Beichte verrichtet, dernach in der Steina Saag zu Edelsreith ger\u00f6dert wird.&#8220; <\/p>\n<cite>Quelle: Pfarre M\u00fcnichreith\/Ostrong, Sterbebuch 1700-1784, TOM 03\/01, S.95<\/cite><\/blockquote>\n\n\n<div class=\"wp-block-image is-style-default\">\n<figure class=\"aligncenter size-large\"><img loading=\"lazy\" decoding=\"async\" width=\"1024\" height=\"173\" src=\"https:\/\/stammbaum.payreder.com\/forscherblog\/wp-content\/uploads\/2024\/03\/image-3-1024x173.png\" alt=\"\" class=\"wp-image-533\" srcset=\"https:\/\/stammbaum.payreder.com\/forscherblog\/wp-content\/uploads\/2024\/03\/image-3-1024x173.png 1024w, https:\/\/stammbaum.payreder.com\/forscherblog\/wp-content\/uploads\/2024\/03\/image-3-300x51.png 300w, https:\/\/stammbaum.payreder.com\/forscherblog\/wp-content\/uploads\/2024\/03\/image-3-768x130.png 768w, https:\/\/stammbaum.payreder.com\/forscherblog\/wp-content\/uploads\/2024\/03\/image-3.png 1293w\" sizes=\"auto, (max-width: 1024px) 100vw, 1024px\" \/><\/figure>\n<\/div>\n\n\n<p>Auch f\u00fcr Johann Gerersdorfer und seine Angeh\u00f6rigen sollte das Osterfest von Trauer und Verlust \u00fcberschattet sein.<\/p>\n\n\n\n<p>Die Trag\u00f6dien von Johann Kloimillner und Johann Gerersdorfer werfen einen d\u00fcsteren Schleier \u00fcber die Feierlichkeiten des Osterfestes in der Pfarre M\u00fcnichreith im 18. Jahrhundert. Trotz des spirituellen Vorbereitens durch die \u00f6sterliche Beichte enden ihre Leben auf tragische Weise, und das zu einer Zeit, die eigentlich von Freude und Hoffnung erf\u00fcllt sein sollte. <\/p>\n\n\n\n<p>M\u00f6gen diese Ereignisse uns daran erinnern, wie kostbar das Leben ist und wie schnell es vergehen kann, selbst in den festlichsten Zeiten des Jahres.<\/p>\n\n\n\n<p><strong>In diesem Sinne w\u00fcnsche ich euch ein frohes Osterfest 2024!<\/strong><\/p>\n","protected":false},"excerpt":{"rendered":"<p>Das Osterfest, das Fest der Auferstehung Jesu Christi, wird von Gl\u00e4ubigen weltweit als ein H\u00f6hepunkt im kirchlichen Kalender gefeiert. Es ist eine Zeit der Freude, &hellip; <\/p>\n","protected":false},"author":1,"featured_media":530,"comment_status":"open","ping_status":"open","sticky":false,"template":"","format":"standard","meta":{"_mo_disable_npp":"","footnotes":""},"categories":[5],"tags":[17,40,14,41,42],"class_list":["post-528","post","type-post","status-publish","format-standard","has-post-thumbnail","hentry","category-muenichreithgeschichten","tag-18-jahrhundert","tag-edelsreith","tag-muenichreith","tag-obererla","tag-steina-saag"],"cc_featured_image_caption":{"caption_text":false,"source_text":false,"source_url":false},"_links":{"self":[{"href":"https:\/\/stammbaum.payreder.com\/forscherblog\/wp-json\/wp\/v2\/posts\/528","targetHints":{"allow":["GET"]}}],"collection":[{"href":"https:\/\/stammbaum.payreder.com\/forscherblog\/wp-json\/wp\/v2\/posts"}],"about":[{"href":"https:\/\/stammbaum.payreder.com\/forscherblog\/wp-json\/wp\/v2\/types\/post"}],"author":[{"embeddable":true,"href":"https:\/\/stammbaum.payreder.com\/forscherblog\/wp-json\/wp\/v2\/users\/1"}],"replies":[{"embeddable":true,"href":"https:\/\/stammbaum.payreder.com\/forscherblog\/wp-json\/wp\/v2\/comments?post=528"}],"version-history":[{"count":5,"href":"https:\/\/stammbaum.payreder.com\/forscherblog\/wp-json\/wp\/v2\/posts\/528\/revisions"}],"predecessor-version":[{"id":537,"href":"https:\/\/stammbaum.payreder.com\/forscherblog\/wp-json\/wp\/v2\/posts\/528\/revisions\/537"}],"wp:featuredmedia":[{"embeddable":true,"href":"https:\/\/stammbaum.payreder.com\/forscherblog\/wp-json\/wp\/v2\/media\/530"}],"wp:attachment":[{"href":"https:\/\/stammbaum.payreder.com\/forscherblog\/wp-json\/wp\/v2\/media?parent=528"}],"wp:term":[{"taxonomy":"category","embeddable":true,"href":"https:\/\/stammbaum.payreder.com\/forscherblog\/wp-json\/wp\/v2\/categories?post=528"},{"taxonomy":"post_tag","embeddable":true,"href":"https:\/\/stammbaum.payreder.com\/forscherblog\/wp-json\/wp\/v2\/tags?post=528"}],"curies":[{"name":"wp","href":"https:\/\/api.w.org\/{rel}","templated":true}]}}