{"id":283,"date":"2023-11-03T11:20:26","date_gmt":"2023-11-03T10:20:26","guid":{"rendered":"https:\/\/stammbaum.payreder.com\/forscherblog\/?p=283"},"modified":"2023-12-21T07:12:58","modified_gmt":"2023-12-21T06:12:58","slug":"treff-ma-uns-beim-johannes","status":"publish","type":"post","link":"https:\/\/stammbaum.payreder.com\/forscherblog\/treff-ma-uns-beim-johannes\/","title":{"rendered":"Treff ma uns beim Johannes&#8230;"},"content":{"rendered":"\n<h2 class=\"wp-block-heading\">Einleitung<\/h2>\n\n\n\n<p>M\u00fcnichreith am Ostrong, mein Heimatort in Nieder\u00f6sterreich, hat einen ganz besonderen Platz \u2013 den Johannes-Bildstock. Dieser historische Bildstock ist nicht nur ein religi\u00f6ses Symbol, sondern auch ein Ort der Begegnung und des Gedenkens. In diesem Artikel werden wir uns mit der Geschichte und der Bedeutung des Johannes-Bildstocks in M\u00fcnichreith auseinandersetzen.<\/p>\n\n\n\n<h2 class=\"wp-block-heading\">Wer war Johannes Nepomuk?<\/h2>\n\n\n\n<p>Bevor wir in die Geschichte des Bildstocks eintauchen, lohnt es sich, einen Blick auf die zentrale Figur zu werfen, die in diesem Bildstock verehrt wird. <\/p>\n\n\n\n<p>Johannes Nepomuk war ein tschechischer Priester und M\u00e4rtyrer, der im 14. Jahrhundert lebte. Er wurde 1393 auf Anordnung von K\u00f6nig Wenzel IV. in die Moldau geworfen und ertrank. Dies ist historisch richtiger als folgende Legende:<\/p>\n\n\n\n<p>Die Frau von K\u00f6nig Wenzel w\u00e4hlte Johannes Nepomuk zu ihrem Beichtvater. Weil er sich dem K\u00f6nig gegen\u00fcber weigerte, das Beichtgeheimnis zu brechen wurde er in die Moldau geworfen und ertr\u00e4nkt. <\/p>\n\n\n\n<p>Johannes gilt als Patron des Beichtgeheimnisses und wurde 1729 von Papst Benedikt XIII. heiliggesprochen.<sup class=\"modern-footnotes-footnote \" data-mfn=\"1\" data-mfn-post-scope=\"00000000000004320000000000000000_283\"><a href=\"javascript:void(0)\"  role=\"button\" aria-pressed=\"false\" aria-describedby=\"mfn-content-00000000000004320000000000000000_283-1\">1<\/a><\/sup><span id=\"mfn-content-00000000000004320000000000000000_283-1\" role=\"tooltip\" class=\"modern-footnotes-footnote__note\" tabindex=\"0\" data-mfn=\"1\"><div id=\"zotpress-d7857ebfd95a283e8b2191dc9c95b10a\" class=\"zp-Zotpress zp-Zotpress-Bib wp-block-group\">\n\n\t\t<span class=\"ZP_API_USER_ID ZP_ATTR\">12909679<\/span>\n\t\t<span class=\"ZP_ITEM_KEY ZP_ATTR\">{12909679:YXBC48QN}<\/span>\n\t\t<span class=\"ZP_COLLECTION_ID ZP_ATTR\"><\/span>\n\t\t<span class=\"ZP_TAG_ID ZP_ATTR\"><\/span>\n\t\t<span class=\"ZP_AUTHOR ZP_ATTR\"><\/span>\n\t\t<span class=\"ZP_YEAR ZP_ATTR\"><\/span>\n        <span class=\"ZP_ITEMTYPE ZP_ATTR\"><\/span>\n\t\t<span class=\"ZP_INCLUSIVE ZP_ATTR\">1<\/span>\n\t\t<span class=\"ZP_STYLE ZP_ATTR\">apa<\/span>\n\t\t<span class=\"ZP_LIMIT ZP_ATTR\">50<\/span>\n\t\t<span class=\"ZP_SORTBY ZP_ATTR\">default<\/span>\n\t\t<span class=\"ZP_ORDER ZP_ATTR\"><\/span>\n\t\t<span class=\"ZP_TITLE ZP_ATTR\"><\/span>\n\t\t<span class=\"ZP_SHOWIMAGE ZP_ATTR\"><\/span>\n\t\t<span class=\"ZP_SHOWTAGS ZP_ATTR\"><\/span>\n\t\t<span class=\"ZP_DOWNLOADABLE ZP_ATTR\"><\/span>\n\t\t<span class=\"ZP_NOTES ZP_ATTR\"><\/span>\n\t\t<span class=\"ZP_ABSTRACT ZP_ATTR\"><\/span>\n\t\t<span class=\"ZP_CITEABLE ZP_ATTR\"><\/span>\n\t\t<span class=\"ZP_TARGET ZP_ATTR\"><\/span>\n\t\t<span class=\"ZP_URLWRAP ZP_ATTR\"><\/span>\n\t\t<span class=\"ZP_FORCENUM ZP_ATTR\"><\/span>\n        <span class=\"ZP_HIGHLIGHT ZP_ATTR\"><\/span>\n        <span class=\"ZP_POSTID ZP_ATTR\">283<\/span>\n\t\t<span class=\"ZOTPRESS_PLUGIN_URL ZP_ATTR\">https:\/\/stammbaum.payreder.com\/forscherblog\/wp-content\/plugins\/zotpress\/<\/span>\n\n\t\t<div class=\"zp-List loading\">\n\t\t\t<div class=\"zp-SEO-Content\">\n\t\t\t\t<span class=\"ZP_JSON ZP_ATTR\">%7B%22status%22%3A%22success%22%2C%22updateneeded%22%3Afalse%2C%22instance%22%3Afalse%2C%22meta%22%3A%7B%22request_last%22%3A0%2C%22request_next%22%3A0%2C%22used_cache%22%3Atrue%7D%2C%22data%22%3A%5B%7B%22key%22%3A%22YXBC48QN%22%2C%22library%22%3A%7B%22id%22%3A12909679%7D%2C%22meta%22%3A%7B%22numChildren%22%3A1%7D%2C%22bib%22%3A%22%26lt%3Bdiv%20class%3D%26quot%3Bcsl-bib-body%26quot%3B%20style%3D%26quot%3Bline-height%3A%202%3B%20padding-left%3A%201em%3B%20text-indent%3A-1em%3B%26quot%3B%26gt%3B%5Cn%20%20%26lt%3Bdiv%20class%3D%26quot%3Bcsl-entry%26quot%3B%26gt%3B%26lt%3Bi%26gt%3BJohannes%20Nepomuk%20-%20%26%23xD6%3Bkumenisches%20Heiligenlexikon%26lt%3B%5C%2Fi%26gt%3B.%20%28n.d.%29.%20Retrieved%20November%203%2C%202023%2C%20from%20%26lt%3Ba%20class%3D%26%23039%3Bzp-ItemURL%26%23039%3B%20href%3D%26%23039%3Bhttps%3A%5C%2F%5C%2Fwww.heiligenlexikon.de%5C%2FBiographienJ%5C%2FJohannes_Nepomuk.htm%26%23039%3B%26gt%3Bhttps%3A%5C%2F%5C%2Fwww.heiligenlexikon.de%5C%2FBiographienJ%5C%2FJohannes_Nepomuk.htm%26lt%3B%5C%2Fa%26gt%3B%26lt%3B%5C%2Fdiv%26gt%3B%5Cn%26lt%3B%5C%2Fdiv%26gt%3B%22%2C%22data%22%3A%7B%22itemType%22%3A%22webpage%22%2C%22title%22%3A%22Johannes%20Nepomuk%20-%20%5Cu00d6kumenisches%20Heiligenlexikon%22%2C%22creators%22%3A%5B%5D%2C%22abstractNote%22%3A%22Lexikon%20der%20Heiligen%2C%20Seligen%20und%20Verehrten%20der%20katholischen%2C%20orthodoxen%20und%20protestantischen%20Kirchen%22%2C%22date%22%3A%22%22%2C%22DOI%22%3A%22%22%2C%22citationKey%22%3A%22%22%2C%22url%22%3A%22https%3A%5C%2F%5C%2Fwww.heiligenlexikon.de%5C%2FBiographienJ%5C%2FJohannes_Nepomuk.htm%22%2C%22language%22%3A%22de%22%2C%22collections%22%3A%5B%5D%2C%22dateModified%22%3A%222023-11-03T07%3A27%3A03Z%22%7D%7D%5D%7D<\/span>\n\n\t\t\t\t<div id=\"zp-ID-283-12909679-YXBC48QN\" data-zp-author-date='-0000-00-00' data-zp-date-author='0000-00-00-' data-zp-date='0000-00-00' data-zp-year='0000' data-zp-itemtype='webpage' class=\"zp-Entry zpSearchResultsItem\">\n<div class=\"csl-bib-body\" style=\"line-height: 2; padding-left: 1em; text-indent:-1em;\">\n  <div class=\"csl-entry\"><i>Johannes Nepomuk - \u00d6kumenisches Heiligenlexikon<\/i>. (n.d.). Retrieved November 3, 2023, from <a class='zp-ItemURL' href='https:\/\/www.heiligenlexikon.de\/BiographienJ\/Johannes_Nepomuk.htm'>https:\/\/www.heiligenlexikon.de\/BiographienJ\/Johannes_Nepomuk.htm<\/a><\/div>\n<\/div>\n\t\t\t\t<\/div><!-- .zp-Entry .zpSearchResultsItem -->\n\t\t\t<\/div><!-- .zp-zp-SEO-Content -->\n\t\t<\/div><!-- .zp-List -->\n\t<\/div><!--.zp-Zotpress-->\n\n<\/span><\/p>\n\n\n\n<h2 class=\"wp-block-heading\">Der Bildstock in M\u00fcnichreith<\/h2>\n\n\n\n<figure class=\"wp-block-image size-large is-style-zoooom\"><img loading=\"lazy\" decoding=\"async\" width=\"1024\" height=\"377\" src=\"https:\/\/stammbaum.payreder.com\/forscherblog\/wp-content\/uploads\/2023\/11\/johannes-1024x377.png\" alt=\"\" class=\"wp-image-292\" srcset=\"https:\/\/stammbaum.payreder.com\/forscherblog\/wp-content\/uploads\/2023\/11\/johannes-1024x377.png 1024w, https:\/\/stammbaum.payreder.com\/forscherblog\/wp-content\/uploads\/2023\/11\/johannes-300x111.png 300w, https:\/\/stammbaum.payreder.com\/forscherblog\/wp-content\/uploads\/2023\/11\/johannes-768x283.png 768w, https:\/\/stammbaum.payreder.com\/forscherblog\/wp-content\/uploads\/2023\/11\/johannes-1536x566.png 1536w, https:\/\/stammbaum.payreder.com\/forscherblog\/wp-content\/uploads\/2023\/11\/johannes-2048x754.png 2048w, https:\/\/stammbaum.payreder.com\/forscherblog\/wp-content\/uploads\/2023\/11\/johannes-624x230.png 624w\" sizes=\"auto, (max-width: 1024px) 100vw, 1024px\" \/><figcaption class=\"wp-element-caption\">Der Johannes Bildstock heute und damals<\/figcaption><\/figure>\n\n\n\n<p>Der Johannes-Bildstock in M\u00fcnichreith stammt aus dem 18. Jahrhundert und ist somit bereits \u00fcber 200 Jahre alt. Er steht im Ortszentrum am heutigen Dorfplatz, fr\u00fcher war dort das westliche Ende des Dorfes. Es handelt sich um eine viereckige, gemauerte Kapelle mit einer Rundbogennische, in ihr eine Holzstatue der Madonna und darunter in einem Glasschrein liegend die Holzstatue des hl. Johannes Nepomuk.<sup class=\"modern-footnotes-footnote \" data-mfn=\"2\" data-mfn-post-scope=\"00000000000004320000000000000000_283\"><a href=\"javascript:void(0)\"  role=\"button\" aria-pressed=\"false\" aria-describedby=\"mfn-content-00000000000004320000000000000000_283-2\">2<\/a><\/sup><span id=\"mfn-content-00000000000004320000000000000000_283-2\" role=\"tooltip\" class=\"modern-footnotes-footnote__note\" tabindex=\"0\" data-mfn=\"2\"><div id=\"zotpress-e0862144df30736f62fc6f3fae443875\" class=\"zp-Zotpress zp-Zotpress-Bib wp-block-group\">\n\n\t\t<span class=\"ZP_API_USER_ID ZP_ATTR\">12909679<\/span>\n\t\t<span class=\"ZP_ITEM_KEY ZP_ATTR\">{12909679:24CW6H8J}<\/span>\n\t\t<span class=\"ZP_COLLECTION_ID ZP_ATTR\"><\/span>\n\t\t<span class=\"ZP_TAG_ID ZP_ATTR\"><\/span>\n\t\t<span class=\"ZP_AUTHOR ZP_ATTR\"><\/span>\n\t\t<span class=\"ZP_YEAR ZP_ATTR\"><\/span>\n        <span class=\"ZP_ITEMTYPE ZP_ATTR\"><\/span>\n\t\t<span class=\"ZP_INCLUSIVE ZP_ATTR\">1<\/span>\n\t\t<span class=\"ZP_STYLE ZP_ATTR\">apa<\/span>\n\t\t<span class=\"ZP_LIMIT ZP_ATTR\">50<\/span>\n\t\t<span class=\"ZP_SORTBY ZP_ATTR\">default<\/span>\n\t\t<span class=\"ZP_ORDER ZP_ATTR\"><\/span>\n\t\t<span class=\"ZP_TITLE ZP_ATTR\"><\/span>\n\t\t<span class=\"ZP_SHOWIMAGE ZP_ATTR\"><\/span>\n\t\t<span class=\"ZP_SHOWTAGS ZP_ATTR\"><\/span>\n\t\t<span class=\"ZP_DOWNLOADABLE ZP_ATTR\"><\/span>\n\t\t<span class=\"ZP_NOTES ZP_ATTR\"><\/span>\n\t\t<span class=\"ZP_ABSTRACT ZP_ATTR\"><\/span>\n\t\t<span class=\"ZP_CITEABLE ZP_ATTR\"><\/span>\n\t\t<span class=\"ZP_TARGET ZP_ATTR\"><\/span>\n\t\t<span class=\"ZP_URLWRAP ZP_ATTR\"><\/span>\n\t\t<span class=\"ZP_FORCENUM ZP_ATTR\"><\/span>\n        <span class=\"ZP_HIGHLIGHT ZP_ATTR\"><\/span>\n        <span class=\"ZP_POSTID ZP_ATTR\">283<\/span>\n\t\t<span class=\"ZOTPRESS_PLUGIN_URL ZP_ATTR\">https:\/\/stammbaum.payreder.com\/forscherblog\/wp-content\/plugins\/zotpress\/<\/span>\n\n\t\t<div class=\"zp-List loading\">\n\t\t\t<div class=\"zp-SEO-Content\">\n\t\t\t\t<span class=\"ZP_JSON ZP_ATTR\">%7B%22status%22%3A%22success%22%2C%22updateneeded%22%3Afalse%2C%22instance%22%3Afalse%2C%22meta%22%3A%7B%22request_last%22%3A0%2C%22request_next%22%3A0%2C%22used_cache%22%3Atrue%7D%2C%22data%22%3A%5B%7B%22key%22%3A%2224CW6H8J%22%2C%22library%22%3A%7B%22id%22%3A12909679%7D%2C%22meta%22%3A%7B%22creatorSummary%22%3A%22Alois%20Plesser%20and%20Hans%20Tietze%22%2C%22parsedDate%22%3A%221910%22%2C%22numChildren%22%3A0%7D%2C%22bib%22%3A%22%26lt%3Bdiv%20class%3D%26quot%3Bcsl-bib-body%26quot%3B%20style%3D%26quot%3Bline-height%3A%202%3B%20padding-left%3A%201em%3B%20text-indent%3A-1em%3B%26quot%3B%26gt%3B%5Cn%20%20%26lt%3Bdiv%20class%3D%26quot%3Bcsl-entry%26quot%3B%26gt%3BAlois%20Plesser%2C%20%26amp%3B%20Hans%20Tietze.%20%281910%29.%20%26lt%3Bi%26gt%3BDie%20Denkmale%20des%20politischen%20Bezirkes%20P%26%23xF6%3Bggstall%26lt%3B%5C%2Fi%26gt%3B.%20Schroll.%26lt%3B%5C%2Fdiv%26gt%3B%5Cn%26lt%3B%5C%2Fdiv%26gt%3B%22%2C%22data%22%3A%7B%22itemType%22%3A%22book%22%2C%22title%22%3A%22Die%20Denkmale%20des%20politischen%20Bezirkes%20P%5Cu00f6ggstall%22%2C%22creators%22%3A%5B%7B%22creatorType%22%3A%22author%22%2C%22name%22%3A%22Alois%20Plesser%22%7D%2C%7B%22creatorType%22%3A%22author%22%2C%22name%22%3A%22Hans%20Tietze%22%7D%5D%2C%22abstractNote%22%3A%22%22%2C%22date%22%3A%221910%22%2C%22originalDate%22%3A%22%22%2C%22originalPublisher%22%3A%22%22%2C%22originalPlace%22%3A%22%22%2C%22format%22%3A%22%22%2C%22ISBN%22%3A%22%22%2C%22DOI%22%3A%22%22%2C%22citationKey%22%3A%22%22%2C%22url%22%3A%22%22%2C%22ISSN%22%3A%22%22%2C%22language%22%3A%22%22%2C%22collections%22%3A%5B%5D%2C%22dateModified%22%3A%222023-09-12T07%3A38%3A44Z%22%7D%7D%5D%7D<\/span>\n\n\t\t\t\t<div id=\"zp-ID-283-12909679-24CW6H8J\" data-zp-author-date='Alois-Plesser-and-Hans-Tietze-1910' data-zp-date-author='1910-Alois-Plesser-and-Hans-Tietze' data-zp-date='1910' data-zp-year='1910' data-zp-itemtype='book' class=\"zp-Entry zpSearchResultsItem\">\n<div class=\"csl-bib-body\" style=\"line-height: 2; padding-left: 1em; text-indent:-1em;\">\n  <div class=\"csl-entry\">Alois Plesser, & Hans Tietze. (1910). <i>Die Denkmale des politischen Bezirkes P\u00f6ggstall<\/i>. Schroll.<\/div>\n<\/div>\n\t\t\t\t<\/div><!-- .zp-Entry .zpSearchResultsItem -->\n\t\t\t<\/div><!-- .zp-zp-SEO-Content -->\n\t\t<\/div><!-- .zp-List -->\n\t<\/div><!--.zp-Zotpress-->\n\n<\/span><\/p>\n\n\n\n<p>Betrachtet man die Entstehungszeit anderer Johannes-Nepomuk-Statuen aus der Umgebung, kann die Vermutung angestellt werden, dass unser Johannes ca. 1730-1770 entstanden ist. Beispielsweise gibt es eine Statue aus dem Jahr 1727 in Altenmarkt, eine aus dem Jahr 1709 in der Pfarrkirche Marbach an der Donau und eine weitere aus dem Jahr 1730 in Mank.<sup class=\"modern-footnotes-footnote \" data-mfn=\"3\" data-mfn-post-scope=\"00000000000004320000000000000000_283\"><a href=\"javascript:void(0)\"  role=\"button\" aria-pressed=\"false\" aria-describedby=\"mfn-content-00000000000004320000000000000000_283-3\">3<\/a><\/sup><span id=\"mfn-content-00000000000004320000000000000000_283-3\" role=\"tooltip\" class=\"modern-footnotes-footnote__note\" tabindex=\"0\" data-mfn=\"3\"><div id=\"zotpress-1d3161b70f73edbe6363fc56322ee38d\" class=\"zp-Zotpress zp-Zotpress-Bib wp-block-group\">\n\n\t\t<span class=\"ZP_API_USER_ID ZP_ATTR\">12909679<\/span>\n\t\t<span class=\"ZP_ITEM_KEY ZP_ATTR\">{12909679:2V2L2MXB}<\/span>\n\t\t<span class=\"ZP_COLLECTION_ID ZP_ATTR\"><\/span>\n\t\t<span class=\"ZP_TAG_ID ZP_ATTR\"><\/span>\n\t\t<span class=\"ZP_AUTHOR ZP_ATTR\"><\/span>\n\t\t<span class=\"ZP_YEAR ZP_ATTR\"><\/span>\n        <span class=\"ZP_ITEMTYPE ZP_ATTR\"><\/span>\n\t\t<span class=\"ZP_INCLUSIVE ZP_ATTR\">1<\/span>\n\t\t<span class=\"ZP_STYLE ZP_ATTR\">apa<\/span>\n\t\t<span class=\"ZP_LIMIT ZP_ATTR\">50<\/span>\n\t\t<span class=\"ZP_SORTBY ZP_ATTR\">default<\/span>\n\t\t<span class=\"ZP_ORDER ZP_ATTR\"><\/span>\n\t\t<span class=\"ZP_TITLE ZP_ATTR\"><\/span>\n\t\t<span class=\"ZP_SHOWIMAGE ZP_ATTR\"><\/span>\n\t\t<span class=\"ZP_SHOWTAGS ZP_ATTR\"><\/span>\n\t\t<span class=\"ZP_DOWNLOADABLE ZP_ATTR\"><\/span>\n\t\t<span class=\"ZP_NOTES ZP_ATTR\"><\/span>\n\t\t<span class=\"ZP_ABSTRACT ZP_ATTR\"><\/span>\n\t\t<span class=\"ZP_CITEABLE ZP_ATTR\"><\/span>\n\t\t<span class=\"ZP_TARGET ZP_ATTR\"><\/span>\n\t\t<span class=\"ZP_URLWRAP ZP_ATTR\"><\/span>\n\t\t<span class=\"ZP_FORCENUM ZP_ATTR\"><\/span>\n        <span class=\"ZP_HIGHLIGHT ZP_ATTR\"><\/span>\n        <span class=\"ZP_POSTID ZP_ATTR\">283<\/span>\n\t\t<span class=\"ZOTPRESS_PLUGIN_URL ZP_ATTR\">https:\/\/stammbaum.payreder.com\/forscherblog\/wp-content\/plugins\/zotpress\/<\/span>\n\n\t\t<div class=\"zp-List loading\">\n\t\t\t<div class=\"zp-SEO-Content\">\n\t\t\t\t<span class=\"ZP_JSON ZP_ATTR\">%7B%22status%22%3A%22success%22%2C%22updateneeded%22%3Afalse%2C%22instance%22%3Afalse%2C%22meta%22%3A%7B%22request_last%22%3A0%2C%22request_next%22%3A0%2C%22used_cache%22%3Atrue%7D%2C%22data%22%3A%5B%7B%22key%22%3A%222V2L2MXB%22%2C%22library%22%3A%7B%22id%22%3A12909679%7D%2C%22meta%22%3A%7B%22parsedDate%22%3A%222023-07-23%22%2C%22numChildren%22%3A1%7D%2C%22bib%22%3A%22%26lt%3Bdiv%20class%3D%26quot%3Bcsl-bib-body%26quot%3B%20style%3D%26quot%3Bline-height%3A%202%3B%20padding-left%3A%201em%3B%20text-indent%3A-1em%3B%26quot%3B%26gt%3B%5Cn%20%20%26lt%3Bdiv%20class%3D%26quot%3Bcsl-entry%26quot%3B%26gt%3BListe%20der%20Johannes-Nepomuk-Darstellungen%20im%20Bezirk%20Melk.%20%282023%29.%20In%20%26lt%3Bi%26gt%3BWikipedia%26lt%3B%5C%2Fi%26gt%3B.%20%26lt%3Ba%20class%3D%26%23039%3Bzp-ItemURL%26%23039%3B%20href%3D%26%23039%3Bhttps%3A%5C%2F%5C%2Fde.wikipedia.org%5C%2Fw%5C%2Findex.php%3Ftitle%3DListe_der_Johannes-Nepomuk-Darstellungen_im_Bezirk_Melk%26amp%3Boldid%3D235736670%26%23039%3B%26gt%3Bhttps%3A%5C%2F%5C%2Fde.wikipedia.org%5C%2Fw%5C%2Findex.php%3Ftitle%3DListe_der_Johannes-Nepomuk-Darstellungen_im_Bezirk_Melk%26amp%3Boldid%3D235736670%26lt%3B%5C%2Fa%26gt%3B%26lt%3B%5C%2Fdiv%26gt%3B%5Cn%26lt%3B%5C%2Fdiv%26gt%3B%22%2C%22data%22%3A%7B%22itemType%22%3A%22encyclopediaArticle%22%2C%22title%22%3A%22Liste%20der%20Johannes-Nepomuk-Darstellungen%20im%20Bezirk%20Melk%22%2C%22creators%22%3A%5B%5D%2C%22abstractNote%22%3A%22Der%201729%20heiliggesprochene%20Johannes%20Nepomuk%20gilt%20nach%20Maria%20und%20Josef%20als%20der%20am%20dritth%5Cu00e4ufigsten%20dargestellte%20Heilige%20in%20%5Cu00d6sterreich.%20An%20zahlreichen%20Standorten%20gibt%20es%20Johannes-Nepomuk-Darstellungen%20im%20nieder%5Cu00f6sterreichischen%20Bezirk%20Melk.%5CnErst%20nach%20B%5Cu00f6hmen%2C%20aber%20noch%20vor%20dessen%20Selig-%20oder%20Heiligsprechung%2C%20setzte%20in%20Nieder%5Cu00f6sterreich%20jene%20Verehrung%20Johannes%20Nepomuks%20ein%2C%20die%20sich%20in%20Form%20von%20Statuen%20und%20Bildern%20dokumentiert.%20Gemessen%20an%20der%20gro%5Cu00dfen%20Zahl%20plastischer%20und%20bildhafter%20Darstellungen%20ist%20die%20Zahl%20der%20Johannes%20Nepomuk%20geweihten%20Kirchen%20im%20Bezirk%20Melk%20allerdings%20verschwindend%20gering.%22%2C%22encyclopediaTitle%22%3A%22Wikipedia%22%2C%22date%22%3A%222023-07-23T15%3A05%3A10Z%22%2C%22ISBN%22%3A%22%22%2C%22DOI%22%3A%22%22%2C%22citationKey%22%3A%22%22%2C%22url%22%3A%22https%3A%5C%2F%5C%2Fde.wikipedia.org%5C%2Fw%5C%2Findex.php%3Ftitle%3DListe_der_Johannes-Nepomuk-Darstellungen_im_Bezirk_Melk%26oldid%3D235736670%22%2C%22language%22%3A%22de%22%2C%22collections%22%3A%5B%22AMV32I2B%22%2C%22MD2CJW7R%22%2C%22U7XRKGTD%22%5D%2C%22dateModified%22%3A%222023-11-03T07%3A48%3A09Z%22%7D%7D%5D%7D<\/span>\n\n\t\t\t\t<div id=\"zp-ID-283-12909679-2V2L2MXB\" data-zp-author-date='-2023-07-23' data-zp-date-author='2023-07-23-' data-zp-date='2023-07-23' data-zp-year='2023' data-zp-itemtype='encyclopediaArticle' class=\"zp-Entry zpSearchResultsItem\">\n<div class=\"csl-bib-body\" style=\"line-height: 2; padding-left: 1em; text-indent:-1em;\">\n  <div class=\"csl-entry\">Liste der Johannes-Nepomuk-Darstellungen im Bezirk Melk. (2023). In <i>Wikipedia<\/i>. <a class='zp-ItemURL' href='https:\/\/de.wikipedia.org\/w\/index.php?title=Liste_der_Johannes-Nepomuk-Darstellungen_im_Bezirk_Melk&oldid=235736670'>https:\/\/de.wikipedia.org\/w\/index.php?title=Liste_der_Johannes-Nepomuk-Darstellungen_im_Bezirk_Melk&oldid=235736670<\/a><\/div>\n<\/div>\n\t\t\t\t<\/div><!-- .zp-Entry .zpSearchResultsItem -->\n\t\t\t<\/div><!-- .zp-zp-SEO-Content -->\n\t\t<\/div><!-- .zp-List -->\n\t<\/div><!--.zp-Zotpress-->\n\n<\/span><\/p>\n\n\n<div class=\"wp-block-image is-style-zoooom\">\n<figure class=\"aligncenter size-large is-resized\"><img loading=\"lazy\" decoding=\"async\" width=\"859\" height=\"1024\" src=\"https:\/\/stammbaum.payreder.com\/forscherblog\/wp-content\/uploads\/2023\/11\/image-6-859x1024.png\" alt=\"\" class=\"wp-image-296\" style=\"aspect-ratio:0.8388671875;width:344px;height:auto\" srcset=\"https:\/\/stammbaum.payreder.com\/forscherblog\/wp-content\/uploads\/2023\/11\/image-6-859x1024.png 859w, https:\/\/stammbaum.payreder.com\/forscherblog\/wp-content\/uploads\/2023\/11\/image-6-252x300.png 252w, https:\/\/stammbaum.payreder.com\/forscherblog\/wp-content\/uploads\/2023\/11\/image-6-768x915.png 768w, https:\/\/stammbaum.payreder.com\/forscherblog\/wp-content\/uploads\/2023\/11\/image-6-1289x1536.png 1289w, https:\/\/stammbaum.payreder.com\/forscherblog\/wp-content\/uploads\/2023\/11\/image-6-1718x2048.png 1718w, https:\/\/stammbaum.payreder.com\/forscherblog\/wp-content\/uploads\/2023\/11\/image-6-624x744.png 624w, https:\/\/stammbaum.payreder.com\/forscherblog\/wp-content\/uploads\/2023\/11\/image-6.png 1799w\" sizes=\"auto, (max-width: 859px) 100vw, 859px\" \/><figcaption class=\"wp-element-caption\">Madonna Holzstatue<\/figcaption><\/figure>\n<\/div>\n\n\n<p>Und m\u00f6glicherweise haben die Einwohner des &#8222;alten M\u00fcnichreith&#8220; beim Bau der Kapelle geholfen. Die Tatsache zu wissen, dass es damals Familien wie die Hafnerfamilie Zacherl um 1730, den Fleischer Ferner um 1760 und den Zimmermann F\u00fcrholzer um 1770 gab, die an diesem Projekt vielleicht beteiligt waren ist unglaublich eine spannende und faszinierende. Auch der Maurer W\u00f6gerer in Gottsberg oder der Dachdecker Rapolter aus Arndorf k\u00f6nnten ihren Beitrag geleistet haben&#8230; <\/p>\n\n\n\n<p>Dies sind jedoch lediglich Spekulationen und hypothetische \u00dcberlegungen. Es gibt keine konkreten Aufzeichnungen oder Beweise, die belegen, dass die genannten Familien oder Handwerker tats\u00e4chlich an der Konstruktion der Kapelle beteiligt waren.<\/p>\n\n\n\n<figure class=\"wp-block-image size-large is-style-zoooom\"><img loading=\"lazy\" decoding=\"async\" width=\"1024\" height=\"370\" src=\"https:\/\/stammbaum.payreder.com\/forscherblog\/wp-content\/uploads\/2023\/11\/image-5-1024x370.png\" alt=\"\" class=\"wp-image-295\" srcset=\"https:\/\/stammbaum.payreder.com\/forscherblog\/wp-content\/uploads\/2023\/11\/image-5-1024x370.png 1024w, https:\/\/stammbaum.payreder.com\/forscherblog\/wp-content\/uploads\/2023\/11\/image-5-300x108.png 300w, https:\/\/stammbaum.payreder.com\/forscherblog\/wp-content\/uploads\/2023\/11\/image-5-768x278.png 768w, https:\/\/stammbaum.payreder.com\/forscherblog\/wp-content\/uploads\/2023\/11\/image-5-1536x555.png 1536w, https:\/\/stammbaum.payreder.com\/forscherblog\/wp-content\/uploads\/2023\/11\/image-5-2048x740.png 2048w, https:\/\/stammbaum.payreder.com\/forscherblog\/wp-content\/uploads\/2023\/11\/image-5-624x226.png 624w\" sizes=\"auto, (max-width: 1024px) 100vw, 1024px\" \/><figcaption class=\"wp-element-caption\">Johannes Nepumuk<\/figcaption><\/figure>\n\n\n\n<h2 class=\"wp-block-heading\">Bedeutung des Johannes-Bildstocks<\/h2>\n\n\n\n<p>Der Johannes-Bildstock in M\u00fcnichreith ist nicht nur ein religi\u00f6ses Denkmal, sondern auch ein bedeutender Treffpunkt f\u00fcr die Bewohner der Gemeinde. Schon in meiner Kindheit war dieser Bildstock ein Ort, an dem wir uns trafen, einfach weil jeder wusste, wo er sich befand. F\u00fcr die Einheimischen ist er ein Identifikationspunkt und ein Ort der Erinnerungen. <\/p>\n\n\n\n<h2 class=\"wp-block-heading\">Der Johannes-Bildstock im Laufe der Zeit<\/h2>\n\n\n\n<p>Im Laufe der Jahrhunderte hat der Johannes-Bildstock in M\u00fcnichreith verschiedene Ver\u00e4nderungen und Renovierungen erfahren. Trotzdem hat er seinen historischen Charme bewahrt. Die M\u00fcnichreither haben sich stets darum bem\u00fcht, dieses bedeutende religi\u00f6se Denkmal in bestm\u00f6glichem Zustand zu erhalten. Der Bildstock hat somit nicht nur historische, sondern auch kulturelle Bedeutung f\u00fcr M\u00fcnichreith und die Region.<\/p>\n\n\n\n<h2 class=\"wp-block-heading\">Besuche und Traditionen<\/h2>\n\n\n\n<p>Der Johannes-Bildstock spielt auch eine wichtige Rolle in lokalen Traditionen und Festen. An bestimmten religi\u00f6sen Feiertagen wie z.B. Erntedank, Palmsonntag oder auch zu Fronleichnam versammeln sich die Menschen hier, um zu beten und zu gedenken. Der ein oder andere Besucher erlebt vielleicht beim Vorbeigehen eine spirituelle Atmosph\u00e4re und bewundert die Holzstatue der Madonna sowie die Statue des heiligen Johannes Nepomuk im Glasschrein.<\/p>\n\n\n\n<h2 class=\"wp-block-heading\">Schlussfolgerung<\/h2>\n\n\n\n<p>Der Johannes-Bildstock in M\u00fcnichreith ist  ein Symbol der Identit\u00e4t und des Glaubens f\u00fcr die Bewohner der Gemeinde. \u00dcber 200 Jahre lang hat er als Treffpunkt und Inspirationsquelle gedient. Seine Bedeutung f\u00fcr die Menschen von M\u00fcnichreith ist nicht zu untersch\u00e4tzen, und sein Erbe wird von Generation zu Generation weitergetragen.<\/p>\n\n\n<ul class=\"modern-footnotes-list modern-footnotes-list--hide-for-print\"><li><span>1<\/span><div><div id=\"zotpress-d7857ebfd95a283e8b2191dc9c95b10a\" class=\"zp-Zotpress zp-Zotpress-Bib wp-block-group\">\n\n\t\t<span class=\"ZP_API_USER_ID ZP_ATTR\">12909679<\/span>\n\t\t<span class=\"ZP_ITEM_KEY ZP_ATTR\">{12909679:YXBC48QN}<\/span>\n\t\t<span class=\"ZP_COLLECTION_ID ZP_ATTR\"><\/span>\n\t\t<span class=\"ZP_TAG_ID ZP_ATTR\"><\/span>\n\t\t<span class=\"ZP_AUTHOR ZP_ATTR\"><\/span>\n\t\t<span class=\"ZP_YEAR ZP_ATTR\"><\/span>\n        <span class=\"ZP_ITEMTYPE ZP_ATTR\"><\/span>\n\t\t<span class=\"ZP_INCLUSIVE ZP_ATTR\">1<\/span>\n\t\t<span class=\"ZP_STYLE ZP_ATTR\">apa<\/span>\n\t\t<span class=\"ZP_LIMIT ZP_ATTR\">50<\/span>\n\t\t<span class=\"ZP_SORTBY ZP_ATTR\">default<\/span>\n\t\t<span class=\"ZP_ORDER ZP_ATTR\"><\/span>\n\t\t<span class=\"ZP_TITLE ZP_ATTR\"><\/span>\n\t\t<span class=\"ZP_SHOWIMAGE ZP_ATTR\"><\/span>\n\t\t<span class=\"ZP_SHOWTAGS ZP_ATTR\"><\/span>\n\t\t<span class=\"ZP_DOWNLOADABLE ZP_ATTR\"><\/span>\n\t\t<span class=\"ZP_NOTES ZP_ATTR\"><\/span>\n\t\t<span class=\"ZP_ABSTRACT ZP_ATTR\"><\/span>\n\t\t<span class=\"ZP_CITEABLE ZP_ATTR\"><\/span>\n\t\t<span class=\"ZP_TARGET ZP_ATTR\"><\/span>\n\t\t<span class=\"ZP_URLWRAP ZP_ATTR\"><\/span>\n\t\t<span class=\"ZP_FORCENUM ZP_ATTR\"><\/span>\n        <span class=\"ZP_HIGHLIGHT ZP_ATTR\"><\/span>\n        <span class=\"ZP_POSTID ZP_ATTR\">283<\/span>\n\t\t<span class=\"ZOTPRESS_PLUGIN_URL ZP_ATTR\">https:\/\/stammbaum.payreder.com\/forscherblog\/wp-content\/plugins\/zotpress\/<\/span>\n\n\t\t<div class=\"zp-List loading\">\n\t\t\t<div class=\"zp-SEO-Content\">\n\t\t\t\t<span class=\"ZP_JSON ZP_ATTR\">%7B%22status%22%3A%22success%22%2C%22updateneeded%22%3Afalse%2C%22instance%22%3Afalse%2C%22meta%22%3A%7B%22request_last%22%3A0%2C%22request_next%22%3A0%2C%22used_cache%22%3Atrue%7D%2C%22data%22%3A%5B%7B%22key%22%3A%22YXBC48QN%22%2C%22library%22%3A%7B%22id%22%3A12909679%7D%2C%22meta%22%3A%7B%22numChildren%22%3A1%7D%2C%22bib%22%3A%22%26lt%3Bdiv%20class%3D%26quot%3Bcsl-bib-body%26quot%3B%20style%3D%26quot%3Bline-height%3A%202%3B%20padding-left%3A%201em%3B%20text-indent%3A-1em%3B%26quot%3B%26gt%3B%5Cn%20%20%26lt%3Bdiv%20class%3D%26quot%3Bcsl-entry%26quot%3B%26gt%3B%26lt%3Bi%26gt%3BJohannes%20Nepomuk%20-%20%26%23xD6%3Bkumenisches%20Heiligenlexikon%26lt%3B%5C%2Fi%26gt%3B.%20%28n.d.%29.%20Retrieved%20November%203%2C%202023%2C%20from%20%26lt%3Ba%20class%3D%26%23039%3Bzp-ItemURL%26%23039%3B%20href%3D%26%23039%3Bhttps%3A%5C%2F%5C%2Fwww.heiligenlexikon.de%5C%2FBiographienJ%5C%2FJohannes_Nepomuk.htm%26%23039%3B%26gt%3Bhttps%3A%5C%2F%5C%2Fwww.heiligenlexikon.de%5C%2FBiographienJ%5C%2FJohannes_Nepomuk.htm%26lt%3B%5C%2Fa%26gt%3B%26lt%3B%5C%2Fdiv%26gt%3B%5Cn%26lt%3B%5C%2Fdiv%26gt%3B%22%2C%22data%22%3A%7B%22itemType%22%3A%22webpage%22%2C%22title%22%3A%22Johannes%20Nepomuk%20-%20%5Cu00d6kumenisches%20Heiligenlexikon%22%2C%22creators%22%3A%5B%5D%2C%22abstractNote%22%3A%22Lexikon%20der%20Heiligen%2C%20Seligen%20und%20Verehrten%20der%20katholischen%2C%20orthodoxen%20und%20protestantischen%20Kirchen%22%2C%22date%22%3A%22%22%2C%22DOI%22%3A%22%22%2C%22citationKey%22%3A%22%22%2C%22url%22%3A%22https%3A%5C%2F%5C%2Fwww.heiligenlexikon.de%5C%2FBiographienJ%5C%2FJohannes_Nepomuk.htm%22%2C%22language%22%3A%22de%22%2C%22collections%22%3A%5B%5D%2C%22dateModified%22%3A%222023-11-03T07%3A27%3A03Z%22%7D%7D%5D%7D<\/span>\n\n\t\t\t\t<div id=\"zp-ID-283-12909679-YXBC48QN\" data-zp-author-date='-0000-00-00' data-zp-date-author='0000-00-00-' data-zp-date='0000-00-00' data-zp-year='0000' data-zp-itemtype='webpage' class=\"zp-Entry zpSearchResultsItem\">\n<div class=\"csl-bib-body\" style=\"line-height: 2; padding-left: 1em; text-indent:-1em;\">\n  <div class=\"csl-entry\"><i>Johannes Nepomuk - \u00d6kumenisches Heiligenlexikon<\/i>. (n.d.). Retrieved November 3, 2023, from <a class='zp-ItemURL' href='https:\/\/www.heiligenlexikon.de\/BiographienJ\/Johannes_Nepomuk.htm'>https:\/\/www.heiligenlexikon.de\/BiographienJ\/Johannes_Nepomuk.htm<\/a><\/div>\n<\/div>\n\t\t\t\t<\/div><!-- .zp-Entry .zpSearchResultsItem -->\n\t\t\t<\/div><!-- .zp-zp-SEO-Content -->\n\t\t<\/div><!-- .zp-List -->\n\t<\/div><!--.zp-Zotpress-->\n\n<\/div><\/li><li><span>2<\/span><div><div id=\"zotpress-e0862144df30736f62fc6f3fae443875\" class=\"zp-Zotpress zp-Zotpress-Bib wp-block-group\">\n\n\t\t<span class=\"ZP_API_USER_ID ZP_ATTR\">12909679<\/span>\n\t\t<span class=\"ZP_ITEM_KEY ZP_ATTR\">{12909679:24CW6H8J}<\/span>\n\t\t<span class=\"ZP_COLLECTION_ID ZP_ATTR\"><\/span>\n\t\t<span class=\"ZP_TAG_ID ZP_ATTR\"><\/span>\n\t\t<span class=\"ZP_AUTHOR ZP_ATTR\"><\/span>\n\t\t<span class=\"ZP_YEAR ZP_ATTR\"><\/span>\n        <span class=\"ZP_ITEMTYPE ZP_ATTR\"><\/span>\n\t\t<span class=\"ZP_INCLUSIVE ZP_ATTR\">1<\/span>\n\t\t<span class=\"ZP_STYLE ZP_ATTR\">apa<\/span>\n\t\t<span class=\"ZP_LIMIT ZP_ATTR\">50<\/span>\n\t\t<span class=\"ZP_SORTBY ZP_ATTR\">default<\/span>\n\t\t<span class=\"ZP_ORDER ZP_ATTR\"><\/span>\n\t\t<span class=\"ZP_TITLE ZP_ATTR\"><\/span>\n\t\t<span class=\"ZP_SHOWIMAGE ZP_ATTR\"><\/span>\n\t\t<span class=\"ZP_SHOWTAGS ZP_ATTR\"><\/span>\n\t\t<span class=\"ZP_DOWNLOADABLE ZP_ATTR\"><\/span>\n\t\t<span class=\"ZP_NOTES ZP_ATTR\"><\/span>\n\t\t<span class=\"ZP_ABSTRACT ZP_ATTR\"><\/span>\n\t\t<span class=\"ZP_CITEABLE ZP_ATTR\"><\/span>\n\t\t<span class=\"ZP_TARGET ZP_ATTR\"><\/span>\n\t\t<span class=\"ZP_URLWRAP ZP_ATTR\"><\/span>\n\t\t<span class=\"ZP_FORCENUM ZP_ATTR\"><\/span>\n        <span class=\"ZP_HIGHLIGHT ZP_ATTR\"><\/span>\n        <span class=\"ZP_POSTID ZP_ATTR\">283<\/span>\n\t\t<span class=\"ZOTPRESS_PLUGIN_URL ZP_ATTR\">https:\/\/stammbaum.payreder.com\/forscherblog\/wp-content\/plugins\/zotpress\/<\/span>\n\n\t\t<div class=\"zp-List loading\">\n\t\t\t<div class=\"zp-SEO-Content\">\n\t\t\t\t<span class=\"ZP_JSON ZP_ATTR\">%7B%22status%22%3A%22success%22%2C%22updateneeded%22%3Afalse%2C%22instance%22%3Afalse%2C%22meta%22%3A%7B%22request_last%22%3A0%2C%22request_next%22%3A0%2C%22used_cache%22%3Atrue%7D%2C%22data%22%3A%5B%7B%22key%22%3A%2224CW6H8J%22%2C%22library%22%3A%7B%22id%22%3A12909679%7D%2C%22meta%22%3A%7B%22creatorSummary%22%3A%22Alois%20Plesser%20and%20Hans%20Tietze%22%2C%22parsedDate%22%3A%221910%22%2C%22numChildren%22%3A0%7D%2C%22bib%22%3A%22%26lt%3Bdiv%20class%3D%26quot%3Bcsl-bib-body%26quot%3B%20style%3D%26quot%3Bline-height%3A%202%3B%20padding-left%3A%201em%3B%20text-indent%3A-1em%3B%26quot%3B%26gt%3B%5Cn%20%20%26lt%3Bdiv%20class%3D%26quot%3Bcsl-entry%26quot%3B%26gt%3BAlois%20Plesser%2C%20%26amp%3B%20Hans%20Tietze.%20%281910%29.%20%26lt%3Bi%26gt%3BDie%20Denkmale%20des%20politischen%20Bezirkes%20P%26%23xF6%3Bggstall%26lt%3B%5C%2Fi%26gt%3B.%20Schroll.%26lt%3B%5C%2Fdiv%26gt%3B%5Cn%26lt%3B%5C%2Fdiv%26gt%3B%22%2C%22data%22%3A%7B%22itemType%22%3A%22book%22%2C%22title%22%3A%22Die%20Denkmale%20des%20politischen%20Bezirkes%20P%5Cu00f6ggstall%22%2C%22creators%22%3A%5B%7B%22creatorType%22%3A%22author%22%2C%22name%22%3A%22Alois%20Plesser%22%7D%2C%7B%22creatorType%22%3A%22author%22%2C%22name%22%3A%22Hans%20Tietze%22%7D%5D%2C%22abstractNote%22%3A%22%22%2C%22date%22%3A%221910%22%2C%22originalDate%22%3A%22%22%2C%22originalPublisher%22%3A%22%22%2C%22originalPlace%22%3A%22%22%2C%22format%22%3A%22%22%2C%22ISBN%22%3A%22%22%2C%22DOI%22%3A%22%22%2C%22citationKey%22%3A%22%22%2C%22url%22%3A%22%22%2C%22ISSN%22%3A%22%22%2C%22language%22%3A%22%22%2C%22collections%22%3A%5B%5D%2C%22dateModified%22%3A%222023-09-12T07%3A38%3A44Z%22%7D%7D%5D%7D<\/span>\n\n\t\t\t\t<div id=\"zp-ID-283-12909679-24CW6H8J\" data-zp-author-date='Alois-Plesser-and-Hans-Tietze-1910' data-zp-date-author='1910-Alois-Plesser-and-Hans-Tietze' data-zp-date='1910' data-zp-year='1910' data-zp-itemtype='book' class=\"zp-Entry zpSearchResultsItem\">\n<div class=\"csl-bib-body\" style=\"line-height: 2; padding-left: 1em; text-indent:-1em;\">\n  <div class=\"csl-entry\">Alois Plesser, & Hans Tietze. (1910). <i>Die Denkmale des politischen Bezirkes P\u00f6ggstall<\/i>. Schroll.<\/div>\n<\/div>\n\t\t\t\t<\/div><!-- .zp-Entry .zpSearchResultsItem -->\n\t\t\t<\/div><!-- .zp-zp-SEO-Content -->\n\t\t<\/div><!-- .zp-List -->\n\t<\/div><!--.zp-Zotpress-->\n\n<\/div><\/li><li><span>3<\/span><div><div id=\"zotpress-1d3161b70f73edbe6363fc56322ee38d\" class=\"zp-Zotpress zp-Zotpress-Bib wp-block-group\">\n\n\t\t<span class=\"ZP_API_USER_ID ZP_ATTR\">12909679<\/span>\n\t\t<span class=\"ZP_ITEM_KEY ZP_ATTR\">{12909679:2V2L2MXB}<\/span>\n\t\t<span class=\"ZP_COLLECTION_ID ZP_ATTR\"><\/span>\n\t\t<span class=\"ZP_TAG_ID ZP_ATTR\"><\/span>\n\t\t<span class=\"ZP_AUTHOR ZP_ATTR\"><\/span>\n\t\t<span class=\"ZP_YEAR ZP_ATTR\"><\/span>\n        <span class=\"ZP_ITEMTYPE ZP_ATTR\"><\/span>\n\t\t<span class=\"ZP_INCLUSIVE ZP_ATTR\">1<\/span>\n\t\t<span class=\"ZP_STYLE ZP_ATTR\">apa<\/span>\n\t\t<span class=\"ZP_LIMIT ZP_ATTR\">50<\/span>\n\t\t<span class=\"ZP_SORTBY ZP_ATTR\">default<\/span>\n\t\t<span class=\"ZP_ORDER ZP_ATTR\"><\/span>\n\t\t<span class=\"ZP_TITLE ZP_ATTR\"><\/span>\n\t\t<span class=\"ZP_SHOWIMAGE ZP_ATTR\"><\/span>\n\t\t<span class=\"ZP_SHOWTAGS ZP_ATTR\"><\/span>\n\t\t<span class=\"ZP_DOWNLOADABLE ZP_ATTR\"><\/span>\n\t\t<span class=\"ZP_NOTES ZP_ATTR\"><\/span>\n\t\t<span class=\"ZP_ABSTRACT ZP_ATTR\"><\/span>\n\t\t<span class=\"ZP_CITEABLE ZP_ATTR\"><\/span>\n\t\t<span class=\"ZP_TARGET ZP_ATTR\"><\/span>\n\t\t<span class=\"ZP_URLWRAP ZP_ATTR\"><\/span>\n\t\t<span class=\"ZP_FORCENUM ZP_ATTR\"><\/span>\n        <span class=\"ZP_HIGHLIGHT ZP_ATTR\"><\/span>\n        <span class=\"ZP_POSTID ZP_ATTR\">283<\/span>\n\t\t<span class=\"ZOTPRESS_PLUGIN_URL ZP_ATTR\">https:\/\/stammbaum.payreder.com\/forscherblog\/wp-content\/plugins\/zotpress\/<\/span>\n\n\t\t<div class=\"zp-List loading\">\n\t\t\t<div class=\"zp-SEO-Content\">\n\t\t\t\t<span class=\"ZP_JSON ZP_ATTR\">%7B%22status%22%3A%22success%22%2C%22updateneeded%22%3Afalse%2C%22instance%22%3Afalse%2C%22meta%22%3A%7B%22request_last%22%3A0%2C%22request_next%22%3A0%2C%22used_cache%22%3Atrue%7D%2C%22data%22%3A%5B%7B%22key%22%3A%222V2L2MXB%22%2C%22library%22%3A%7B%22id%22%3A12909679%7D%2C%22meta%22%3A%7B%22parsedDate%22%3A%222023-07-23%22%2C%22numChildren%22%3A1%7D%2C%22bib%22%3A%22%26lt%3Bdiv%20class%3D%26quot%3Bcsl-bib-body%26quot%3B%20style%3D%26quot%3Bline-height%3A%202%3B%20padding-left%3A%201em%3B%20text-indent%3A-1em%3B%26quot%3B%26gt%3B%5Cn%20%20%26lt%3Bdiv%20class%3D%26quot%3Bcsl-entry%26quot%3B%26gt%3BListe%20der%20Johannes-Nepomuk-Darstellungen%20im%20Bezirk%20Melk.%20%282023%29.%20In%20%26lt%3Bi%26gt%3BWikipedia%26lt%3B%5C%2Fi%26gt%3B.%20%26lt%3Ba%20class%3D%26%23039%3Bzp-ItemURL%26%23039%3B%20href%3D%26%23039%3Bhttps%3A%5C%2F%5C%2Fde.wikipedia.org%5C%2Fw%5C%2Findex.php%3Ftitle%3DListe_der_Johannes-Nepomuk-Darstellungen_im_Bezirk_Melk%26amp%3Boldid%3D235736670%26%23039%3B%26gt%3Bhttps%3A%5C%2F%5C%2Fde.wikipedia.org%5C%2Fw%5C%2Findex.php%3Ftitle%3DListe_der_Johannes-Nepomuk-Darstellungen_im_Bezirk_Melk%26amp%3Boldid%3D235736670%26lt%3B%5C%2Fa%26gt%3B%26lt%3B%5C%2Fdiv%26gt%3B%5Cn%26lt%3B%5C%2Fdiv%26gt%3B%22%2C%22data%22%3A%7B%22itemType%22%3A%22encyclopediaArticle%22%2C%22title%22%3A%22Liste%20der%20Johannes-Nepomuk-Darstellungen%20im%20Bezirk%20Melk%22%2C%22creators%22%3A%5B%5D%2C%22abstractNote%22%3A%22Der%201729%20heiliggesprochene%20Johannes%20Nepomuk%20gilt%20nach%20Maria%20und%20Josef%20als%20der%20am%20dritth%5Cu00e4ufigsten%20dargestellte%20Heilige%20in%20%5Cu00d6sterreich.%20An%20zahlreichen%20Standorten%20gibt%20es%20Johannes-Nepomuk-Darstellungen%20im%20nieder%5Cu00f6sterreichischen%20Bezirk%20Melk.%5CnErst%20nach%20B%5Cu00f6hmen%2C%20aber%20noch%20vor%20dessen%20Selig-%20oder%20Heiligsprechung%2C%20setzte%20in%20Nieder%5Cu00f6sterreich%20jene%20Verehrung%20Johannes%20Nepomuks%20ein%2C%20die%20sich%20in%20Form%20von%20Statuen%20und%20Bildern%20dokumentiert.%20Gemessen%20an%20der%20gro%5Cu00dfen%20Zahl%20plastischer%20und%20bildhafter%20Darstellungen%20ist%20die%20Zahl%20der%20Johannes%20Nepomuk%20geweihten%20Kirchen%20im%20Bezirk%20Melk%20allerdings%20verschwindend%20gering.%22%2C%22encyclopediaTitle%22%3A%22Wikipedia%22%2C%22date%22%3A%222023-07-23T15%3A05%3A10Z%22%2C%22ISBN%22%3A%22%22%2C%22DOI%22%3A%22%22%2C%22citationKey%22%3A%22%22%2C%22url%22%3A%22https%3A%5C%2F%5C%2Fde.wikipedia.org%5C%2Fw%5C%2Findex.php%3Ftitle%3DListe_der_Johannes-Nepomuk-Darstellungen_im_Bezirk_Melk%26oldid%3D235736670%22%2C%22language%22%3A%22de%22%2C%22collections%22%3A%5B%22AMV32I2B%22%2C%22MD2CJW7R%22%2C%22U7XRKGTD%22%5D%2C%22dateModified%22%3A%222023-11-03T07%3A48%3A09Z%22%7D%7D%5D%7D<\/span>\n\n\t\t\t\t<div id=\"zp-ID-283-12909679-2V2L2MXB\" data-zp-author-date='-2023-07-23' data-zp-date-author='2023-07-23-' data-zp-date='2023-07-23' data-zp-year='2023' data-zp-itemtype='encyclopediaArticle' class=\"zp-Entry zpSearchResultsItem\">\n<div class=\"csl-bib-body\" style=\"line-height: 2; padding-left: 1em; text-indent:-1em;\">\n  <div class=\"csl-entry\">Liste der Johannes-Nepomuk-Darstellungen im Bezirk Melk. (2023). In <i>Wikipedia<\/i>. <a class='zp-ItemURL' href='https:\/\/de.wikipedia.org\/w\/index.php?title=Liste_der_Johannes-Nepomuk-Darstellungen_im_Bezirk_Melk&oldid=235736670'>https:\/\/de.wikipedia.org\/w\/index.php?title=Liste_der_Johannes-Nepomuk-Darstellungen_im_Bezirk_Melk&oldid=235736670<\/a><\/div>\n<\/div>\n\t\t\t\t<\/div><!-- .zp-Entry .zpSearchResultsItem -->\n\t\t\t<\/div><!-- .zp-zp-SEO-Content -->\n\t\t<\/div><!-- .zp-List -->\n\t<\/div><!--.zp-Zotpress-->\n\n<\/div><\/li><\/ul>","protected":false},"excerpt":{"rendered":"<p>Einleitung M\u00fcnichreith am Ostrong, mein Heimatort in Nieder\u00f6sterreich, hat einen ganz besonderen Platz \u2013 den Johannes-Bildstock. Dieser historische Bildstock ist nicht nur ein religi\u00f6ses Symbol, &hellip; <\/p>\n","protected":false},"author":1,"featured_media":320,"comment_status":"open","ping_status":"open","sticky":false,"template":"","format":"standard","meta":{"_mo_disable_npp":"","footnotes":"[]"},"categories":[5],"tags":[17,14],"class_list":["post-283","post","type-post","status-publish","format-standard","has-post-thumbnail","hentry","category-muenichreithgeschichten","tag-18-jahrhundert","tag-muenichreith"],"cc_featured_image_caption":{"caption_text":false,"source_text":false,"source_url":false},"_links":{"self":[{"href":"https:\/\/stammbaum.payreder.com\/forscherblog\/wp-json\/wp\/v2\/posts\/283","targetHints":{"allow":["GET"]}}],"collection":[{"href":"https:\/\/stammbaum.payreder.com\/forscherblog\/wp-json\/wp\/v2\/posts"}],"about":[{"href":"https:\/\/stammbaum.payreder.com\/forscherblog\/wp-json\/wp\/v2\/types\/post"}],"author":[{"embeddable":true,"href":"https:\/\/stammbaum.payreder.com\/forscherblog\/wp-json\/wp\/v2\/users\/1"}],"replies":[{"embeddable":true,"href":"https:\/\/stammbaum.payreder.com\/forscherblog\/wp-json\/wp\/v2\/comments?post=283"}],"version-history":[{"count":29,"href":"https:\/\/stammbaum.payreder.com\/forscherblog\/wp-json\/wp\/v2\/posts\/283\/revisions"}],"predecessor-version":[{"id":366,"href":"https:\/\/stammbaum.payreder.com\/forscherblog\/wp-json\/wp\/v2\/posts\/283\/revisions\/366"}],"wp:featuredmedia":[{"embeddable":true,"href":"https:\/\/stammbaum.payreder.com\/forscherblog\/wp-json\/wp\/v2\/media\/320"}],"wp:attachment":[{"href":"https:\/\/stammbaum.payreder.com\/forscherblog\/wp-json\/wp\/v2\/media?parent=283"}],"wp:term":[{"taxonomy":"category","embeddable":true,"href":"https:\/\/stammbaum.payreder.com\/forscherblog\/wp-json\/wp\/v2\/categories?post=283"},{"taxonomy":"post_tag","embeddable":true,"href":"https:\/\/stammbaum.payreder.com\/forscherblog\/wp-json\/wp\/v2\/tags?post=283"}],"curies":[{"name":"wp","href":"https:\/\/api.w.org\/{rel}","templated":true}]}}