{"id":251,"date":"2023-03-13T08:58:01","date_gmt":"2023-03-13T07:58:01","guid":{"rendered":"https:\/\/stammbaum.payreder.com\/forscherblog\/?p=251"},"modified":"2023-12-20T16:47:43","modified_gmt":"2023-12-20T15:47:43","slug":"der-jagerhasen-in-neuwaldhaeusl","status":"publish","type":"post","link":"https:\/\/stammbaum.payreder.com\/forscherblog\/der-jagerhasen-in-neuwaldhaeusl\/","title":{"rendered":"Der Jagerhasen in Neuwaldh\u00e4usl"},"content":{"rendered":"<div class=\"wp-block-image\">\n<figure class=\"aligncenter size-full\"><img loading=\"lazy\" decoding=\"async\" width=\"455\" height=\"235\" src=\"https:\/\/stammbaum.payreder.com\/forscherblog\/wp-content\/uploads\/2023\/03\/grafik.png\" alt=\"\" class=\"wp-image-257\" srcset=\"https:\/\/stammbaum.payreder.com\/forscherblog\/wp-content\/uploads\/2023\/03\/grafik.png 455w, https:\/\/stammbaum.payreder.com\/forscherblog\/wp-content\/uploads\/2023\/03\/grafik-300x155.png 300w\" sizes=\"auto, (max-width: 455px) 100vw, 455px\" \/><figcaption class=\"wp-element-caption\">Jagerhasen<\/figcaption><\/figure>\n<\/div>\n\n\n<p>Der <strong>Jagerhasen<\/strong>, wie er im Franziszeischem Kataster <strong>1823 <\/strong>genannt wird, ist bei vielen Einwohnern, die in der Gegend M\u00fcnichreith, Marbach, Yspertal wohnen bekannt. Auch heute wird das Haus in <em><strong>Neuwaldh\u00e4usl 31<\/strong><\/em>, noch so bezeichnet. Den Ursprung des Namens finden wir bereits in der ersten H\u00e4lfte des 18. Jahrhunderts. Die Rotte Neuwaldh\u00e4usl war und ist zu Kollnitz nummeriert, weshalb die H\u00e4user dort auch Kollnitzer Hausnummern tragen.<\/p>\n\n\n\n<figure class=\"wp-block-image size-large is-resized is-style-zoooom\"><img loading=\"lazy\" decoding=\"async\" src=\"https:\/\/stammbaum.payreder.com\/forscherblog\/wp-content\/uploads\/2023\/02\/grafik-3-1024x334.png\" alt=\"\" class=\"wp-image-254\" width=\"658\" height=\"214\" srcset=\"https:\/\/stammbaum.payreder.com\/forscherblog\/wp-content\/uploads\/2023\/02\/grafik-3-1024x334.png 1024w, https:\/\/stammbaum.payreder.com\/forscherblog\/wp-content\/uploads\/2023\/02\/grafik-3-300x98.png 300w, https:\/\/stammbaum.payreder.com\/forscherblog\/wp-content\/uploads\/2023\/02\/grafik-3-768x250.png 768w, https:\/\/stammbaum.payreder.com\/forscherblog\/wp-content\/uploads\/2023\/02\/grafik-3-1536x500.png 1536w, https:\/\/stammbaum.payreder.com\/forscherblog\/wp-content\/uploads\/2023\/02\/grafik-3-624x203.png 624w, https:\/\/stammbaum.payreder.com\/forscherblog\/wp-content\/uploads\/2023\/02\/grafik-3.png 1891w\" sizes=\"auto, (max-width: 658px) 100vw, 658px\" \/><figcaption class=\"wp-element-caption\">Lage des Jagerhasen in Neuwaldh\u00e4usl \/ Kollnitz; Quelle: Arcanum Maps<\/figcaption><\/figure>\n\n\n\n<p><\/p>\n\n\n\n<p>Alois Plesser schreibt 1929 zum <strong>Jagerhasen<\/strong>: <\/p>\n\n\n\n<blockquote class=\"wp-block-quote is-layout-flow wp-block-quote-is-layout-flow\">\n<p>[&#8230;] Bekannt ist ber Name Jagerhas f\u00fcr ein Haus, an welchem der Fu\u00dfsteig ins Yspertal vorbeif\u00fchrt. Ein herrschaftlicher J\u00e4ger, namens &#8222;Has&#8220;, kaufte sich in alten Tagen vor<br>1800 hier an. Sp\u00e4ter bestand eine Gastwirtschaft [&#8230;]<\/p>\n<cite>Alois Plesser,Heimatkunde des politischen Bezirkes P\u00f6ggstall.,P\u00f6ggstall 1929, Seite 159<\/cite><\/blockquote>\n\n\n\n<p>Bereits <strong>1717 <\/strong>stellt die <em>Herrschaft Wei\u00dfenberg<\/em> ein Grundst\u00fcck auf den sogenannten Koppelfeldwiesen zur Verf\u00fcgung um hier ein Geb\u00e4ude &#8211; wenn auch damals nur eine Holzh\u00fctte &#8211; zu errichten. <strong>1723 <\/strong>stellt <em>Matthias Kronsteiner<\/em> diesen Bau fertig. <\/p>\n\n\n\n<p>Im Kaufprotokoll hei\u00dft es:<\/p>\n\n\n\n<blockquote class=\"wp-block-quote is-layout-flow wp-block-quote-is-layout-flow\">\n<p>Hochgn\u00e4dige Herrschaft Weissenberg hat in der eigenthumblichen Herrschaftswaldung Ostrang am herausseren Kopelfeld zu Verbauung einer H\u00fctten [\u2026] dem Matthias Kronsteiner Anna uxori [\u2026] abgeben lassen [\u2026]<\/p>\n\n\n\n<figure class=\"wp-block-image size-full\"><img loading=\"lazy\" decoding=\"async\" width=\"682\" height=\"440\" src=\"https:\/\/stammbaum.payreder.com\/forscherblog\/wp-content\/uploads\/2023\/03\/grafik-2.png\" alt=\"\" class=\"wp-image-269\" srcset=\"https:\/\/stammbaum.payreder.com\/forscherblog\/wp-content\/uploads\/2023\/03\/grafik-2.png 682w, https:\/\/stammbaum.payreder.com\/forscherblog\/wp-content\/uploads\/2023\/03\/grafik-2-300x194.png 300w, https:\/\/stammbaum.payreder.com\/forscherblog\/wp-content\/uploads\/2023\/03\/grafik-2-624x403.png 624w\" sizes=\"auto, (max-width: 682px) 100vw, 682px\" \/><\/figure>\n<cite>Quelle: Herrschaft Weissenberg, Kaufprotokoll der Herrschaft Persenbeug I 1721 &#8211; 1746, KG Krems 182\/04, fol. 54 ff<\/cite><\/blockquote>\n\n\n\n<p>Sechs Jahre sp\u00e4ter &#8211; <strong>1729 <\/strong>&#8211; f\u00e4llt dann der Stein f\u00fcr den heutigen Hausnamen: <em>Karl Haas<\/em>, ein J\u00e4ger der Herrschaft Wei\u00dfenberg, kauft das Haus und wohnt dann mit seiner Familie bis zu seinem Tod darin. Nach dem Tod seiner Witwe <em>Theresia <\/em>verkaufen die Erben das Haus an deren Bruder <em>Johann<\/em>.<\/p>\n\n\n\n<p><strong>1814 <\/strong>\u00e4ndert sich der Name des Besitzers: Johann Haas verkauft das Haus an  <em>Georg und Magdalena Traxler.<\/em><sup class=\"modern-footnotes-footnote \" data-mfn=\"1\" data-mfn-post-scope=\"00000000000004320000000000000000_251\"><a href=\"javascript:void(0)\"  role=\"button\" aria-pressed=\"false\" aria-describedby=\"mfn-content-00000000000004320000000000000000_251-1\">1<\/a><\/sup><span id=\"mfn-content-00000000000004320000000000000000_251-1\" role=\"tooltip\" class=\"modern-footnotes-footnote__note\" tabindex=\"0\" data-mfn=\"1\"> Quelle: Herrschaft Weissenberg, H\u00e4usergrundbuch A\/25 \u00fcber Markt Marbach, Euratsberg, Edelsreith, Grub, Landstetten, Neue Waldh\u00e4user, Kollnitz, Ober-Erla, Unter-Erla, Unter-Steinbach, Unter Thalham fol. 1-158 1799-1883, BG Persenbeug 02\/01, fol. 152<\/span><\/p>\n\n\n\n<figure class=\"wp-block-image size-full\"><img loading=\"lazy\" decoding=\"async\" width=\"593\" height=\"191\" src=\"https:\/\/stammbaum.payreder.com\/forscherblog\/wp-content\/uploads\/2023\/03\/grafik-3.png\" alt=\"\" class=\"wp-image-271\" srcset=\"https:\/\/stammbaum.payreder.com\/forscherblog\/wp-content\/uploads\/2023\/03\/grafik-3.png 593w, https:\/\/stammbaum.payreder.com\/forscherblog\/wp-content\/uploads\/2023\/03\/grafik-3-300x97.png 300w\" sizes=\"auto, (max-width: 593px) 100vw, 593px\" \/><figcaption class=\"wp-element-caption\">Herrschaft Weissenberg, H\u00e4usergrundbuch A 1799-1883<\/figcaption><\/figure>\n\n\n\n<p>Danach d\u00fcrfte der Name <strong><em>Jagerhasen <\/em><\/strong>entstanden sein. <\/p>\n\n\n\n<p><\/p>\n<ul class=\"modern-footnotes-list modern-footnotes-list--hide-for-print\"><li><span>1<\/span><div> Quelle: Herrschaft Weissenberg, H\u00e4usergrundbuch A\/25 \u00fcber Markt Marbach, Euratsberg, Edelsreith, Grub, Landstetten, Neue Waldh\u00e4user, Kollnitz, Ober-Erla, Unter-Erla, Unter-Steinbach, Unter Thalham fol. 1-158 1799-1883, BG Persenbeug 02\/01, fol. 152<\/div><\/li><\/ul>","protected":false},"excerpt":{"rendered":"<p>Der Jagerhasen, wie er im Franziszeischem Kataster 1823 genannt wird, ist bei vielen Einwohnern, die in der Gegend M\u00fcnichreith, Marbach, Yspertal wohnen bekannt. Auch heute &hellip; <\/p>\n","protected":false},"author":1,"featured_media":257,"comment_status":"closed","ping_status":"open","sticky":false,"template":"","format":"standard","meta":{"_mo_disable_npp":"","footnotes":""},"categories":[30],"tags":[20,14],"class_list":["post-251","post","type-post","status-publish","format-standard","has-post-thumbnail","hentry","category-neuwaldhaeusl","tag-kollnitz","tag-muenichreith"],"cc_featured_image_caption":{"caption_text":false,"source_text":false,"source_url":false},"_links":{"self":[{"href":"https:\/\/stammbaum.payreder.com\/forscherblog\/wp-json\/wp\/v2\/posts\/251","targetHints":{"allow":["GET"]}}],"collection":[{"href":"https:\/\/stammbaum.payreder.com\/forscherblog\/wp-json\/wp\/v2\/posts"}],"about":[{"href":"https:\/\/stammbaum.payreder.com\/forscherblog\/wp-json\/wp\/v2\/types\/post"}],"author":[{"embeddable":true,"href":"https:\/\/stammbaum.payreder.com\/forscherblog\/wp-json\/wp\/v2\/users\/1"}],"replies":[{"embeddable":true,"href":"https:\/\/stammbaum.payreder.com\/forscherblog\/wp-json\/wp\/v2\/comments?post=251"}],"version-history":[{"count":23,"href":"https:\/\/stammbaum.payreder.com\/forscherblog\/wp-json\/wp\/v2\/posts\/251\/revisions"}],"predecessor-version":[{"id":282,"href":"https:\/\/stammbaum.payreder.com\/forscherblog\/wp-json\/wp\/v2\/posts\/251\/revisions\/282"}],"wp:featuredmedia":[{"embeddable":true,"href":"https:\/\/stammbaum.payreder.com\/forscherblog\/wp-json\/wp\/v2\/media\/257"}],"wp:attachment":[{"href":"https:\/\/stammbaum.payreder.com\/forscherblog\/wp-json\/wp\/v2\/media?parent=251"}],"wp:term":[{"taxonomy":"category","embeddable":true,"href":"https:\/\/stammbaum.payreder.com\/forscherblog\/wp-json\/wp\/v2\/categories?post=251"},{"taxonomy":"post_tag","embeddable":true,"href":"https:\/\/stammbaum.payreder.com\/forscherblog\/wp-json\/wp\/v2\/tags?post=251"}],"curies":[{"name":"wp","href":"https:\/\/api.w.org\/{rel}","templated":true}]}}