{"id":245,"date":"2023-02-03T12:12:41","date_gmt":"2023-02-03T11:12:41","guid":{"rendered":"https:\/\/stammbaum.payreder.com\/forscherblog\/?p=245"},"modified":"2023-12-21T07:12:13","modified_gmt":"2023-12-21T06:12:13","slug":"fast-nikolaus-am-7-dezember","status":"publish","type":"post","link":"https:\/\/stammbaum.payreder.com\/forscherblog\/fast-nikolaus-am-7-dezember\/","title":{"rendered":"Fast &#8211; Nikolaus am 7.Dezember"},"content":{"rendered":"\n<p>Fast&#8230;.. Beim Aufarbeiten der Matriken in M\u00fcnichreith \/ Ostrong ist folgendes aufgefallen:<br>Am <strong>7.12.1727<\/strong> (also vor 296 Jahren) , wird der mir bis jetzt in M\u00fcnichreith einzig bekannte <strong>Nikolaus<\/strong>, n\u00e4mlich Nicolaus <strong>WINGLER <\/strong>geboren und getauft und vers\u00e4umt somit nur knapp den uns allen bekannten Nikolaustag am 6.12. Er ist der Sohn von Bartholom\u00e4us und Sophia Wingler in der Rudlm\u00fchl und wird sp\u00e4ter noch einige Halbgeschwister bekommen.<\/p>\n\n\n\n<p>F\u00fcr die, die es nicht sowieso wissen: <br>Die Pfarrkirche M\u00fcnichreith ist dem hl. Nikolaus geweiht.<\/p>\n\n\n\n<figure class=\"wp-block-image size-large\"><img loading=\"lazy\" decoding=\"async\" width=\"1024\" height=\"498\" src=\"https:\/\/stammbaum.payreder.com\/forscherblog\/wp-content\/uploads\/2023\/02\/grafik-1-1024x498.png\" alt=\"\" class=\"wp-image-247\" srcset=\"https:\/\/stammbaum.payreder.com\/forscherblog\/wp-content\/uploads\/2023\/02\/grafik-1-1024x498.png 1024w, https:\/\/stammbaum.payreder.com\/forscherblog\/wp-content\/uploads\/2023\/02\/grafik-1-300x146.png 300w, https:\/\/stammbaum.payreder.com\/forscherblog\/wp-content\/uploads\/2023\/02\/grafik-1-768x373.png 768w, https:\/\/stammbaum.payreder.com\/forscherblog\/wp-content\/uploads\/2023\/02\/grafik-1-624x303.png 624w, https:\/\/stammbaum.payreder.com\/forscherblog\/wp-content\/uploads\/2023\/02\/grafik-1.png 1220w\" sizes=\"auto, (max-width: 1024px) 100vw, 1024px\" \/><figcaption class=\"wp-element-caption\">Quelle: Muenichreith\/Ostrong, Taufbuch 1700-1784, 01\/01, fol. 101, online unter: <a href=\"https:\/\/data.matricula-online.eu\/de\/oesterreich\/st-poelten\/muenichreith-ostrong\/01%252F01\/?pg=135\" target=\"_blank\" rel=\"noreferrer noopener\">https:\/\/data.matricula-online.eu\/de\/oesterreich\/st-poelten\/muenichreith-ostrong\/01%252F01\/?pg=135<\/a>&nbsp;(02.02.2023).<\/figcaption><\/figure>\n\n\n\n<p><\/p>\n","protected":false},"excerpt":{"rendered":"<p>Fast&#8230;.. Beim Aufarbeiten der Matriken in M\u00fcnichreith \/ Ostrong ist folgendes aufgefallen:Am 7.12.1727 (also vor 296 Jahren) , wird der mir bis jetzt in M\u00fcnichreith &hellip; <\/p>\n","protected":false},"author":1,"featured_media":246,"comment_status":"closed","ping_status":"open","sticky":false,"template":"","format":"standard","meta":{"_mo_disable_npp":"","footnotes":""},"categories":[5],"tags":[14],"class_list":["post-245","post","type-post","status-publish","format-standard","has-post-thumbnail","hentry","category-muenichreithgeschichten","tag-muenichreith"],"cc_featured_image_caption":{"caption_text":false,"source_text":false,"source_url":false},"_links":{"self":[{"href":"https:\/\/stammbaum.payreder.com\/forscherblog\/wp-json\/wp\/v2\/posts\/245","targetHints":{"allow":["GET"]}}],"collection":[{"href":"https:\/\/stammbaum.payreder.com\/forscherblog\/wp-json\/wp\/v2\/posts"}],"about":[{"href":"https:\/\/stammbaum.payreder.com\/forscherblog\/wp-json\/wp\/v2\/types\/post"}],"author":[{"embeddable":true,"href":"https:\/\/stammbaum.payreder.com\/forscherblog\/wp-json\/wp\/v2\/users\/1"}],"replies":[{"embeddable":true,"href":"https:\/\/stammbaum.payreder.com\/forscherblog\/wp-json\/wp\/v2\/comments?post=245"}],"version-history":[{"count":4,"href":"https:\/\/stammbaum.payreder.com\/forscherblog\/wp-json\/wp\/v2\/posts\/245\/revisions"}],"predecessor-version":[{"id":365,"href":"https:\/\/stammbaum.payreder.com\/forscherblog\/wp-json\/wp\/v2\/posts\/245\/revisions\/365"}],"wp:featuredmedia":[{"embeddable":true,"href":"https:\/\/stammbaum.payreder.com\/forscherblog\/wp-json\/wp\/v2\/media\/246"}],"wp:attachment":[{"href":"https:\/\/stammbaum.payreder.com\/forscherblog\/wp-json\/wp\/v2\/media?parent=245"}],"wp:term":[{"taxonomy":"category","embeddable":true,"href":"https:\/\/stammbaum.payreder.com\/forscherblog\/wp-json\/wp\/v2\/categories?post=245"},{"taxonomy":"post_tag","embeddable":true,"href":"https:\/\/stammbaum.payreder.com\/forscherblog\/wp-json\/wp\/v2\/tags?post=245"}],"curies":[{"name":"wp","href":"https:\/\/api.w.org\/{rel}","templated":true}]}}