{"id":190,"date":"2022-08-10T09:53:06","date_gmt":"2022-08-10T07:53:06","guid":{"rendered":"https:\/\/stammbaum.payreder.com\/forscherblog\/?p=190"},"modified":"2022-08-10T09:54:31","modified_gmt":"2022-08-10T07:54:31","slug":"papierfabrik-platz-an-der-naser","status":"publish","type":"post","link":"https:\/\/stammbaum.payreder.com\/forscherblog\/papierfabrik-platz-an-der-naser\/","title":{"rendered":"Papierfabrik &#8211; Platz an der Naser"},"content":{"rendered":"\n<figure class=\"wp-block-image size-large is-resized\"><img loading=\"lazy\" decoding=\"async\" src=\"https:\/\/stammbaum.payreder.com\/tree\/payreder-zemliczka-genealogie\/media-download?xref=X2099&amp;fact_id=01f452a12d2c6ce1b201c17090fe705d&amp;disposition=inline&amp;mark=0\" alt=\"\" width=\"655\" height=\"258\"\/><figcaption>Ansichtskarte Platz an der Naser<\/figcaption><\/figure>\n\n\n\n<p>Platz an der Naser hat 1914 ein Gedenkbuch herausgebracht, wo die Platzer Papierfabrik erw\u00e4hnt ist:&#8220;&#8230; Entsprechend Familientradition nach der Aufl\u00f6sung des Jesuitenordens im Jahr 1773 nahm in der Platzer Papierfabrik die Lehre auf der zuk\u00fcnftige Jesuit \u017demli\u010dka aus dem Wohnheim in Neuhaus. Er erlernte das Handwerk der Papierherstellung, arbeitete eine Reihe von Jahren in Platz, sp\u00e4ter arbeitete er in irgendwelchen Papierfabriken in M\u00e4hren, wo er auch starb&#8230;&#8230;<\/p>\n\n\n\n<p>Ob besagter Zemliczka unser Anton Zemliczka ist, l\u00e4sst sich nur vermuten. Jedoch passen Zeit und Beruf, sowie Name sehr genau, deswegen gehe ich davon aus, dass es sich hier um dieselbe Person handelt.<\/p>\n\n\n\n<blockquote class=\"wp-block-quote is-layout-flow wp-block-quote-is-layout-flow\"><p><em>&#8222;Platzer Papierfabrik<\/em><\/p><p><em>Als wenn ich es vor Augen h\u00e4tte<\/em><\/p><p><em>das alte Geb\u00e4ude mit dem hohen<\/em><\/p><p><em>Giebel, mit Schindeln gedeckt, die alte Platzer<\/em><\/p><p><em>Papierfabrik. Ein Dach als w\u00e4re es aus zwei Teilen,<\/em><\/p><p><em>geteilt durch eine L\u00fccke, wohin die Luft blies,<\/em><\/p><p><em>auf den Dachboden und trocknete die ausgebreiteten Papierb\u00f6gen.<\/em><\/p><p><em>Ein gewaltiger Bau, er war einst\u00f6ckig und bildete<\/em><\/p><p><em>einen rechten Winkel, die vordere Seite war gemauert und k\u00fcrzer,<\/em><\/p><p><em>die Seite zum \u2026 l\u00e4nger. Das Dach stand auf Pfeilern<\/em><\/p><p><em>aus Ziegelsteinen ummauert. In einigen gro\u00dfen S\u00e4len<\/em><\/p><p><em>bearbeitete man das Papier, es war eine manuelle Produktion. Wo die Papierfabrik ausgestattet war, wei\u00df man nicht. Entsprechend<\/em><\/p><p><em>Familientradition nach der Aufl\u00f6sung des Jesuitenordens<\/em><\/p><p><em>im Jahr 1773 nahm in der Platzer Papierfabrik die Lehre auf<\/em><\/p><p><em>der zuk\u00fcnftige Jesuit \u017demli\u010dka aus dem Wohnheim in Neu-<\/em><\/p><p><em>haus. Er erlernte das Handwerk der Papierherstellung,<\/em><\/p><p><em>arbeitete eine Reihe von Jahren in Platz, sp\u00e4ter arbeitete er<\/em><\/p><p><em>in irgendwelchen Papierfabriken in M\u00e4hren, wo er auch starb.<\/em><\/p><p><em>Demnach war die Platzer Papierfabrik wahrscheinlich ein alter<\/em><\/p><p><em>Betrieb, gegr\u00fcndet anscheinend in der Platzer Herrschaft auf<\/em><\/p><p><em>dem Grundbesitz des ehemaligen Hofes der Zelenkovskys jetzt \u2026<\/em><\/p><p><em>Sp\u00e4ter verkauft so wie M\u00fchlen, H\u00f6fe,<\/em><\/p><p><em>private Fischteiche. Der \u00e4lteste Besitzer der Papier-<\/em><\/p><p><em>fabrik nennt sich Holub, seine Tochter erhielt bei<\/em><\/p><p><em>der Hochzeit die Papierfabrik mit einer gro\u00dfen Wiese bis zur\u2026\u2026\u2026\u2026\u2026\u2026\u2026\u2026\u2026 Der Schwiegersohn der Holubs verkaufte die Papierfabrik<\/em><\/p><p><em>dem Baron Leonhard, der l\u00e4ngere Zeit Papier<\/em><\/p><p><em>herstellte. Die Qualit\u00e4t des Papiers war ausgezeichnet. Es wurde<\/em><\/p><p><em>auch buntes Papier hergestellt. Auch diese Chronik ist aus handgesch\u00f6pftem<\/em><\/p><p><em>Papier, sehr gutem, hergestellt in dieser Pa-<\/em><\/p><p><em>pierfabrik. (Das Papier ist mit der Pr\u00e4gung A. Heller und einem zweischw\u00e4nzigen gekr\u00f6nten L\u00f6wen)<\/em><\/p><p><em>Als man in anderen Papierfabriken begann,<\/em><\/p><p><em>feines Papier herzustellen, sogenanntes \u201emaschinelles\u201c, konnte<\/em><\/p><p><em>die Handarbeit mit ihnen nicht konkurrieren, und so<\/em><\/p><p><em>verkaufte der Baron die Papierfabrik ca. 1865\/66. Der Deutsche<\/em><\/p><p><em>(Schindler), der kein Papier herstellte, f\u00fchrte aber<\/em><\/p><p><em>\u2026 ein<\/em>&#8222;<\/p><cite><a href=\"https:\/\/digi.ceskearchivy.cz\/236\/219\/2415\/733\/64\/0\" target=\"_blank\" rel=\"noreferrer noopener\">SBA Jind\u0159ich\u016fv Hradec &#8211; Gedenkbuch der Gemeinde Platz 1836-1939<\/a><\/cite><\/blockquote>\n","protected":false},"excerpt":{"rendered":"<p>Platz an der Naser hat 1914 ein Gedenkbuch herausgebracht, wo die Platzer Papierfabrik erw\u00e4hnt ist:&#8220;&#8230; Entsprechend Familientradition nach der Aufl\u00f6sung des Jesuitenordens im Jahr 1773 &hellip; <\/p>\n","protected":false},"author":1,"featured_media":0,"comment_status":"closed","ping_status":"closed","sticky":false,"template":"","format":"standard","meta":{"_mo_disable_npp":"","footnotes":""},"categories":[4],"tags":[22,23,24],"class_list":["post-190","post","type-post","status-publish","format-standard","hentry","category-geschichten-aus-meiner-ahnenforschung","tag-boehmen","tag-platz-an-der-naser","tag-zemliczka"],"cc_featured_image_caption":{"caption_text":false,"source_text":false,"source_url":false},"_links":{"self":[{"href":"https:\/\/stammbaum.payreder.com\/forscherblog\/wp-json\/wp\/v2\/posts\/190","targetHints":{"allow":["GET"]}}],"collection":[{"href":"https:\/\/stammbaum.payreder.com\/forscherblog\/wp-json\/wp\/v2\/posts"}],"about":[{"href":"https:\/\/stammbaum.payreder.com\/forscherblog\/wp-json\/wp\/v2\/types\/post"}],"author":[{"embeddable":true,"href":"https:\/\/stammbaum.payreder.com\/forscherblog\/wp-json\/wp\/v2\/users\/1"}],"replies":[{"embeddable":true,"href":"https:\/\/stammbaum.payreder.com\/forscherblog\/wp-json\/wp\/v2\/comments?post=190"}],"version-history":[{"count":1,"href":"https:\/\/stammbaum.payreder.com\/forscherblog\/wp-json\/wp\/v2\/posts\/190\/revisions"}],"predecessor-version":[{"id":191,"href":"https:\/\/stammbaum.payreder.com\/forscherblog\/wp-json\/wp\/v2\/posts\/190\/revisions\/191"}],"wp:attachment":[{"href":"https:\/\/stammbaum.payreder.com\/forscherblog\/wp-json\/wp\/v2\/media?parent=190"}],"wp:term":[{"taxonomy":"category","embeddable":true,"href":"https:\/\/stammbaum.payreder.com\/forscherblog\/wp-json\/wp\/v2\/categories?post=190"},{"taxonomy":"post_tag","embeddable":true,"href":"https:\/\/stammbaum.payreder.com\/forscherblog\/wp-json\/wp\/v2\/tags?post=190"}],"curies":[{"name":"wp","href":"https:\/\/api.w.org\/{rel}","templated":true}]}}