{"id":130,"date":"2022-09-23T08:11:52","date_gmt":"2022-09-23T06:11:52","guid":{"rendered":"http:\/\/localhost\/wp\/?p=130"},"modified":"2023-12-19T15:46:01","modified_gmt":"2023-12-19T14:46:01","slug":"brand-in-mayerhofen-am-23-9-1893","status":"publish","type":"post","link":"https:\/\/stammbaum.payreder.com\/forscherblog\/brand-in-mayerhofen-am-23-9-1893\/","title":{"rendered":"Brand in Mayerhofen am 23.9.1893"},"content":{"rendered":"\n<p class=\"has-drop-cap\">Ein unglaublicher Brand breitet sich 1893 auf den gesamten Ort Mayerhofen aus. Pfarrer Kroissmayr schreibt in die Pfarrchronik:<\/p>\n\n\n\n<blockquote class=\"wp-block-quote is-layout-flow wp-block-quote-is-layout-flow\"><p>&#8222;Am 23. Sept. 1893 brannten im Dorfe Maierhofen 8 H\u00e4user ab. N. 4. 5, 6. 7. 8. 9. 10. 12. &#8211; Nr-11, das Halterhausel wurde nicht mehr aufgebaut.&#8220;<\/p><cite>Pfarrchronik M\u00fcnichreith<\/cite><\/blockquote>\n\n\n\n<figure class=\"wp-block-image size-large is-style-zoooom\"><img loading=\"lazy\" decoding=\"async\" width=\"1024\" height=\"182\" src=\"https:\/\/stammbaum.payreder.com\/forscherblog\/wp-content\/uploads\/2022\/08\/grafik-5-1-1024x182.png\" alt=\"\" class=\"wp-image-138\" srcset=\"https:\/\/stammbaum.payreder.com\/forscherblog\/wp-content\/uploads\/2022\/08\/grafik-5-1-1024x182.png 1024w, https:\/\/stammbaum.payreder.com\/forscherblog\/wp-content\/uploads\/2022\/08\/grafik-5-1-300x53.png 300w, https:\/\/stammbaum.payreder.com\/forscherblog\/wp-content\/uploads\/2022\/08\/grafik-5-1-768x137.png 768w, https:\/\/stammbaum.payreder.com\/forscherblog\/wp-content\/uploads\/2022\/08\/grafik-5-1.png 1056w\" sizes=\"auto, (max-width: 1024px) 100vw, 1024px\" \/><figcaption>Pfarrchronik M\u00fcnichreith<\/figcaption><\/figure>\n\n\n\n<p>Die Zeitung Feuerwehr-Signale schreibt am 5.10.1893:<br><\/p>\n\n\n\n<blockquote class=\"wp-block-quote is-layout-flow wp-block-quote-is-layout-flow\"><p>&#8222;Ein gro\u00dfes Schadenfeuer legte den unweit von M\u00fcnichreith gelegenen Ort Maierhofen in der kurzen Zeit von einer halben Stunde bis auf vier H\u00e4user vollst\u00e4ndig in Asche. Das Feuer brauch mitten im Orte aus und verbreitete sich mit rasender Schnelligkeit nach allen Seiten. Neun H\u00e4user sind lichterloh ausgebrannt, von vielen der Dachstuhl; von den Nebengeb\u00e4uden, in welchen sich die ganze Ernte befand, ist gar nichts \u00fcbrig geblieben. Viele Pferde, K\u00fche und Schweine sind in den Flammen umgekommen. Da die Leute auf dem Felde waren, als der Brand w\u00fcthete, so retteten die Bewohner nichts als das Leben aus den rauchenden Flammen. Viele Familien campiren im Freien, das Elend und der Jammer sind grenzenlos. Die Feuerwehren der Umgebung und jene von M\u00fcnichreith, Neukirchen, Laimbach, W\u00fcrnsdorf und P\u00f6ggstall, welche mit gro\u00dfem Wassermangel zu k\u00e4mpfen hatten, arbeiteten mit wahrer Todesverachtung. Eine W\u00f6chnerin wurde sammt ihrem Kinde mit Lebensgefahr aus der Flammenherde gerettet.<\/p><cite> Feuerwehr-Signale 5.10.1893<\/cite><\/blockquote>\n\n\n\n<figure class=\"wp-block-image size-large is-style-zoooom\"><img loading=\"lazy\" decoding=\"async\" width=\"1024\" height=\"644\" src=\"https:\/\/stammbaum.payreder.com\/forscherblog\/wp-content\/uploads\/2022\/08\/grafik-4-1-1024x644.png\" alt=\"\" class=\"wp-image-137\" srcset=\"https:\/\/stammbaum.payreder.com\/forscherblog\/wp-content\/uploads\/2022\/08\/grafik-4-1-1024x644.png 1024w, https:\/\/stammbaum.payreder.com\/forscherblog\/wp-content\/uploads\/2022\/08\/grafik-4-1-300x189.png 300w, https:\/\/stammbaum.payreder.com\/forscherblog\/wp-content\/uploads\/2022\/08\/grafik-4-1-768x483.png 768w, https:\/\/stammbaum.payreder.com\/forscherblog\/wp-content\/uploads\/2022\/08\/grafik-4-1.png 1313w\" sizes=\"auto, (max-width: 1024px) 100vw, 1024px\" \/><figcaption>Zeitschrift Feuerwehr-Signale 5.10.1893<\/figcaption><\/figure>\n\n\n\n<p>Ein Blick ins Taufbuch von M\u00fcnichreith l\u00e4sst vermuten, dass es sich bei der W\u00f6chnerin um Maria Kummer aus Mayerhofen Nr. 8 handeln muss. Auch dieses Haus ist vollst\u00e4ndig abgebrannt und sie war in der Zeit die einzige W\u00f6chnerin in Mayerhofen. <\/p>\n\n\n\n<p>Ihre Tochter Theresia wurde am 14.9.1893 geboren<\/p>\n\n\n\n<figure class=\"wp-block-image size-large is-style-zoooom\"><img loading=\"lazy\" decoding=\"async\" width=\"1024\" height=\"141\" src=\"https:\/\/stammbaum.payreder.com\/forscherblog\/wp-content\/uploads\/2022\/08\/grafik-6-1-1024x141.png\" alt=\"\" class=\"wp-image-139\" srcset=\"https:\/\/stammbaum.payreder.com\/forscherblog\/wp-content\/uploads\/2022\/08\/grafik-6-1-1024x141.png 1024w, https:\/\/stammbaum.payreder.com\/forscherblog\/wp-content\/uploads\/2022\/08\/grafik-6-1-300x41.png 300w, https:\/\/stammbaum.payreder.com\/forscherblog\/wp-content\/uploads\/2022\/08\/grafik-6-1-768x106.png 768w, https:\/\/stammbaum.payreder.com\/forscherblog\/wp-content\/uploads\/2022\/08\/grafik-6-1.png 1428w\" sizes=\"auto, (max-width: 1024px) 100vw, 1024px\" \/><figcaption>M\u00fcnichreith TOM 01\/06 fol. 157<\/figcaption><\/figure>\n\n\n\n<p>Die Beiden wurden gerettet und fanden in der Zeit des Wiederaufbaus ihres Hauses in der Burghartsm\u00fchle Unterschlupf, wo Theresia am 25.9.1893 &#8211; also kurz nach dem Brand &#8211; im Alter von nur 11 Tagen starb.<\/p>\n\n\n\n<figure class=\"wp-block-image size-large is-style-zoooom\"><img loading=\"lazy\" decoding=\"async\" width=\"1024\" height=\"97\" src=\"https:\/\/stammbaum.payreder.com\/forscherblog\/wp-content\/uploads\/2022\/08\/grafik-7-1-1024x97.png\" alt=\"\" class=\"wp-image-140\" srcset=\"https:\/\/stammbaum.payreder.com\/forscherblog\/wp-content\/uploads\/2022\/08\/grafik-7-1-1024x97.png 1024w, https:\/\/stammbaum.payreder.com\/forscherblog\/wp-content\/uploads\/2022\/08\/grafik-7-1-300x28.png 300w, https:\/\/stammbaum.payreder.com\/forscherblog\/wp-content\/uploads\/2022\/08\/grafik-7-1-768x73.png 768w, https:\/\/stammbaum.payreder.com\/forscherblog\/wp-content\/uploads\/2022\/08\/grafik-7-1.png 1376w\" sizes=\"auto, (max-width: 1024px) 100vw, 1024px\" \/><figcaption>M\u00fcnichreith TOM 03\/05 fol 109<\/figcaption><\/figure>\n","protected":false},"excerpt":{"rendered":"<p>Ein unglaublicher Brand breitet sich 1893 auf den gesamten Ort Mayerhofen aus. Pfarrer Kroissmayr schreibt in die Pfarrchronik: &#8222;Am 23. Sept. 1893 brannten im Dorfe &hellip; <\/p>\n","protected":false},"author":1,"featured_media":138,"comment_status":"open","ping_status":"open","sticky":false,"template":"","format":"standard","meta":{"_mo_disable_npp":"","footnotes":""},"categories":[5],"tags":[16,15,21,14],"class_list":["post-130","post","type-post","status-publish","format-standard","has-post-thumbnail","hentry","category-muenichreithgeschichten","tag-brand","tag-feuer","tag-mayerhofen","tag-muenichreith"],"cc_featured_image_caption":{"caption_text":false,"source_text":false,"source_url":false},"_links":{"self":[{"href":"https:\/\/stammbaum.payreder.com\/forscherblog\/wp-json\/wp\/v2\/posts\/130","targetHints":{"allow":["GET"]}}],"collection":[{"href":"https:\/\/stammbaum.payreder.com\/forscherblog\/wp-json\/wp\/v2\/posts"}],"about":[{"href":"https:\/\/stammbaum.payreder.com\/forscherblog\/wp-json\/wp\/v2\/types\/post"}],"author":[{"embeddable":true,"href":"https:\/\/stammbaum.payreder.com\/forscherblog\/wp-json\/wp\/v2\/users\/1"}],"replies":[{"embeddable":true,"href":"https:\/\/stammbaum.payreder.com\/forscherblog\/wp-json\/wp\/v2\/comments?post=130"}],"version-history":[{"count":4,"href":"https:\/\/stammbaum.payreder.com\/forscherblog\/wp-json\/wp\/v2\/posts\/130\/revisions"}],"predecessor-version":[{"id":226,"href":"https:\/\/stammbaum.payreder.com\/forscherblog\/wp-json\/wp\/v2\/posts\/130\/revisions\/226"}],"wp:featuredmedia":[{"embeddable":true,"href":"https:\/\/stammbaum.payreder.com\/forscherblog\/wp-json\/wp\/v2\/media\/138"}],"wp:attachment":[{"href":"https:\/\/stammbaum.payreder.com\/forscherblog\/wp-json\/wp\/v2\/media?parent=130"}],"wp:term":[{"taxonomy":"category","embeddable":true,"href":"https:\/\/stammbaum.payreder.com\/forscherblog\/wp-json\/wp\/v2\/categories?post=130"},{"taxonomy":"post_tag","embeddable":true,"href":"https:\/\/stammbaum.payreder.com\/forscherblog\/wp-json\/wp\/v2\/tags?post=130"}],"curies":[{"name":"wp","href":"https:\/\/api.w.org\/{rel}","templated":true}]}}