{"id":123,"date":"2023-01-31T13:50:00","date_gmt":"2023-01-31T12:50:00","guid":{"rendered":"http:\/\/localhost\/wp\/?p=123"},"modified":"2023-12-20T16:48:38","modified_gmt":"2023-12-20T15:48:38","slug":"weissenberg-die-ruine-in-kollnitz-muenichreith","status":"publish","type":"post","link":"https:\/\/stammbaum.payreder.com\/forscherblog\/weissenberg-die-ruine-in-kollnitz-muenichreith\/","title":{"rendered":"Wei\u00dfenberg &#8211; Die Ruine in Kollnitz, M\u00fcnichreith"},"content":{"rendered":"\n<p class=\"has-drop-cap\">Vermutlich kennt jeder aus M\u00fcnichreith die Ruine <strong>Wei\u00dfenberg<\/strong>, die auf einem mittlerweile bewaldetem Berg s\u00fcdlich von M\u00fcnichreith liegt. Ruine ist vielleicht etwas \u00fcbertrieben. Eigentlich handelt es sich um Reste einer Turmmauer die dort zu besichtigen sind. <\/p>\n\n\n\n<figure class=\"wp-block-image size-large is-style-default\"><img loading=\"lazy\" decoding=\"async\" width=\"1009\" height=\"493\" src=\"https:\/\/stammbaum.payreder.com\/forscherblog\/wp-content\/uploads\/2022\/09\/grafik-edited.png\" alt=\"\" class=\"wp-image-232\" srcset=\"https:\/\/stammbaum.payreder.com\/forscherblog\/wp-content\/uploads\/2022\/09\/grafik-edited.png 1009w, https:\/\/stammbaum.payreder.com\/forscherblog\/wp-content\/uploads\/2022\/09\/grafik-edited-300x147.png 300w, https:\/\/stammbaum.payreder.com\/forscherblog\/wp-content\/uploads\/2022\/09\/grafik-edited-768x375.png 768w, https:\/\/stammbaum.payreder.com\/forscherblog\/wp-content\/uploads\/2022\/09\/grafik-edited-624x305.png 624w\" sizes=\"auto, (max-width: 1009px) 100vw, 1009px\" \/><figcaption class=\"wp-element-caption\">Ruine Wei\u00dfenberg 1879<\/figcaption><\/figure>\n\n\n\n<figure class=\"wp-block-image size-full\"><img loading=\"lazy\" decoding=\"async\" width=\"862\" height=\"754\" src=\"https:\/\/stammbaum.payreder.com\/forscherblog\/wp-content\/uploads\/2022\/08\/grafik-3-1.png\" alt=\"\" class=\"wp-image-136\" srcset=\"https:\/\/stammbaum.payreder.com\/forscherblog\/wp-content\/uploads\/2022\/08\/grafik-3-1.png 862w, https:\/\/stammbaum.payreder.com\/forscherblog\/wp-content\/uploads\/2022\/08\/grafik-3-1-300x262.png 300w, https:\/\/stammbaum.payreder.com\/forscherblog\/wp-content\/uploads\/2022\/08\/grafik-3-1-768x672.png 768w\" sizes=\"auto, (max-width: 862px) 100vw, 862px\" \/><figcaption class=\"wp-element-caption\">Darstellung von Wei\u00dfenberg aus der Vischer Karte 1669-1670<\/figcaption><\/figure>\n\n\n\n<p>Bereits um <strong>1600 <\/strong>war das Schlo\u00df komplett verfallen und wurde zu dieser Zeit von Hans Prokh von Ditmannsdorf neu aufgebaut. <\/p>\n\n\n\n<p>Ein Kupferstich von Georg Matth\u00e4us Vischer aus dem Jahr <strong>1672 <\/strong>zeigt, dass das Schloss zu dieser Zeit offenbar noch bewohnbar war.<\/p>\n\n\n\n<figure class=\"wp-block-image size-full is-resized\"><img loading=\"lazy\" decoding=\"async\" src=\"https:\/\/stammbaum.payreder.com\/forscherblog\/wp-content\/uploads\/2022\/08\/grafik-2-1.png\" alt=\"\" class=\"wp-image-135\" width=\"653\" height=\"366\" srcset=\"https:\/\/stammbaum.payreder.com\/forscherblog\/wp-content\/uploads\/2022\/08\/grafik-2-1.png 434w, https:\/\/stammbaum.payreder.com\/forscherblog\/wp-content\/uploads\/2022\/08\/grafik-2-1-300x168.png 300w\" sizes=\"auto, (max-width: 653px) 100vw, 653px\" \/><figcaption class=\"wp-element-caption\">Kupferstich von Georg Matth\u00e4us Vischer 1672<\/figcaption><\/figure>\n\n\n\n<p>Wei\u00dfenberg verfiel, als sp\u00e4ter die Herrschaftskanzlei nach Marbach verlegt wurde. Eine Sage bzw. ein Gedicht erz\u00e4hlt von der Sch\u00fcrzenfrau vom Ostrong &#8211; und so auch von Wei\u00dfenberg:<\/p>\n\n\n\n<figure class=\"wp-block-image size-large\"><img loading=\"lazy\" decoding=\"async\" width=\"1325\" height=\"2156\" src=\"https:\/\/stammbaum.payreder.com\/forscherblog\/wp-content\/uploads\/2022\/09\/grafik-1-1-edited.png\" alt=\"\" class=\"wp-image-233\" srcset=\"https:\/\/stammbaum.payreder.com\/forscherblog\/wp-content\/uploads\/2022\/09\/grafik-1-1-edited.png 1325w, https:\/\/stammbaum.payreder.com\/forscherblog\/wp-content\/uploads\/2022\/09\/grafik-1-1-edited-184x300.png 184w, https:\/\/stammbaum.payreder.com\/forscherblog\/wp-content\/uploads\/2022\/09\/grafik-1-1-edited-629x1024.png 629w, https:\/\/stammbaum.payreder.com\/forscherblog\/wp-content\/uploads\/2022\/09\/grafik-1-1-edited-768x1250.png 768w, https:\/\/stammbaum.payreder.com\/forscherblog\/wp-content\/uploads\/2022\/09\/grafik-1-1-edited-944x1536.png 944w, https:\/\/stammbaum.payreder.com\/forscherblog\/wp-content\/uploads\/2022\/09\/grafik-1-1-edited-1259x2048.png 1259w, https:\/\/stammbaum.payreder.com\/forscherblog\/wp-content\/uploads\/2022\/09\/grafik-1-1-edited-624x1015.png 624w\" sizes=\"auto, (max-width: 1325px) 100vw, 1325px\" \/><\/figure>\n\n\n\n<blockquote class=\"wp-block-quote is-layout-flow wp-block-quote-is-layout-flow\">\n<p>Wer nicht \u00fcber Luft der Augen<\/p>\n\n\n\n<p>Sieg und Herrschaft kann gewinnen,<\/p>\n\n\n\n<p>Wird im Leben wenig taugen,<\/p>\n\n\n\n<p>kann selbst Todten schlecht nur dienen.<\/p>\n\n\n\n<p>Wo in f\u00fchlen, reinen L\u00fcften<\/p>\n\n\n\n<p>Sich des Ostrangs R\u00fccken dehnet,<\/p>\n\n\n\n<p>Stand, umweht von Waldesd\u00fcften,<\/p>\n\n\n\n<p>WEISSENBERG, die alte Feste.<\/p>\n\n\n\n<p>Von dem H\u00fcgel, den sie kr\u00f6nte,<\/p>\n\n\n\n<p>Blickt ein Mauerbogen nieder,<\/p>\n\n\n\n<p>Einsam sing ihm unter Fichten<\/p>\n\n\n\n<p>Fink und Amsel Trauerlieder.<\/p>\n\n\n\n<p>L\u00e4ngst schon hat die Zeit verschlungen<\/p>\n\n\n\n<p>Schlo\u00df und Tro\u00df; nur eine Sage<\/p>\n\n\n\n<p>Hat sich noch hindurch gerungen<\/p>\n\n\n\n<p>Bis in unsre sp\u00e4ten Tage.<\/p>\n\n\n\n<p>B\u00fc\u00dfend mu\u00dfte nach dem Sterben<\/p>\n\n\n\n<p>eine Burgfrau da noch wallen<\/p>\n\n\n\n<p>weil sie, grollend armen Erben,<\/p>\n\n\n\n<p>Ihr geschmeide tief vergraben.<\/p>\n<cite>Heimw\u00e4rts aus der Fremde! : Lieder und Reime \/ von Paul Renk<\/cite><\/blockquote>\n","protected":false},"excerpt":{"rendered":"<p>Vermutlich kennt jeder aus M\u00fcnichreith die Ruine Wei\u00dfenberg, die auf einem mittlerweile bewaldetem Berg s\u00fcdlich von M\u00fcnichreith liegt. Ruine ist vielleicht etwas \u00fcbertrieben. Eigentlich handelt &hellip; <\/p>\n","protected":false},"author":1,"featured_media":135,"comment_status":"closed","ping_status":"open","sticky":false,"template":"","format":"standard","meta":{"_mo_disable_npp":"","footnotes":""},"categories":[5],"tags":[18,20,14,19],"class_list":["post-123","post","type-post","status-publish","format-standard","has-post-thumbnail","hentry","category-muenichreithgeschichten","tag-burg","tag-kollnitz","tag-muenichreith","tag-schloss"],"cc_featured_image_caption":{"caption_text":false,"source_text":false,"source_url":false},"_links":{"self":[{"href":"https:\/\/stammbaum.payreder.com\/forscherblog\/wp-json\/wp\/v2\/posts\/123","targetHints":{"allow":["GET"]}}],"collection":[{"href":"https:\/\/stammbaum.payreder.com\/forscherblog\/wp-json\/wp\/v2\/posts"}],"about":[{"href":"https:\/\/stammbaum.payreder.com\/forscherblog\/wp-json\/wp\/v2\/types\/post"}],"author":[{"embeddable":true,"href":"https:\/\/stammbaum.payreder.com\/forscherblog\/wp-json\/wp\/v2\/users\/1"}],"replies":[{"embeddable":true,"href":"https:\/\/stammbaum.payreder.com\/forscherblog\/wp-json\/wp\/v2\/comments?post=123"}],"version-history":[{"count":11,"href":"https:\/\/stammbaum.payreder.com\/forscherblog\/wp-json\/wp\/v2\/posts\/123\/revisions"}],"predecessor-version":[{"id":244,"href":"https:\/\/stammbaum.payreder.com\/forscherblog\/wp-json\/wp\/v2\/posts\/123\/revisions\/244"}],"wp:featuredmedia":[{"embeddable":true,"href":"https:\/\/stammbaum.payreder.com\/forscherblog\/wp-json\/wp\/v2\/media\/135"}],"wp:attachment":[{"href":"https:\/\/stammbaum.payreder.com\/forscherblog\/wp-json\/wp\/v2\/media?parent=123"}],"wp:term":[{"taxonomy":"category","embeddable":true,"href":"https:\/\/stammbaum.payreder.com\/forscherblog\/wp-json\/wp\/v2\/categories?post=123"},{"taxonomy":"post_tag","embeddable":true,"href":"https:\/\/stammbaum.payreder.com\/forscherblog\/wp-json\/wp\/v2\/tags?post=123"}],"curies":[{"name":"wp","href":"https:\/\/api.w.org\/{rel}","templated":true}]}}